{"id":4553,"date":"2014-09-18T07:24:02","date_gmt":"2014-09-18T06:24:02","guid":{"rendered":"https:\/\/inclusioaltemporda.cat\/portal\/?p=4553"},"modified":"2016-02-01T09:24:37","modified_gmt":"2016-02-01T08:24:37","slug":"la-taula-per-a-la-inclusio-social-es-reuneix-aquest-mati-per-acordar-prioritats-del-nou-curs","status":"publish","type":"post","link":"https:\/\/inclusioaltemporda.cat\/portal\/la-taula-per-a-la-inclusio-social-es-reuneix-aquest-mati-per-acordar-prioritats-del-nou-curs\/","title":{"rendered":"La Taula per a la Inclusi\u00f3 Social es reuneix aquest mat\u00ed per acordar prioritats del nou curs"},"content":{"rendered":"<p>Aquest mat\u00ed les entitats socials de la comarca es trobaran de nou per reprendre l&#8217;activitat de la Taula per a la Inclusi\u00f3 i la Cohesi\u00f3 Social de l&#8217;Alt Empord\u00e0, despr\u00e9s de la pausa estival.<\/p>\n<p>L&#8217;ordre del dia preveu la presentaci\u00f3 de l&#8217;Informe Social 2013 fet conjuntament entre les entitats i l&#8217;\u00e0rea de Benestar del Consell Comarcal, acordar les accions priorit\u00e0ries del Pla d&#8217;Inclusi\u00f3 per al nou curs i con\u00e8ixer l&#8217;estat de desenvolupament del conjunt de les accions del Pla, marcar l&#8217;estrat\u00e8gia de comunicaci\u00f3 i difusi\u00f3 aix\u00ed com les accions de sensibilitzaci\u00f3 per promoure el voluntariat a la comarca.<\/p>\n<p>La Taula per a la Inclusi\u00f3 Social \u00e9s l\u2019\u00f2rgan de participaci\u00f3 del Pla per a la Inclusi\u00f3 i la Cohesi\u00f3 Social de l\u2019Alt Empord\u00e0 i com a tal exerceix les funcions d\u2019assessorament, consulta, proposta i participaci\u00f3 de les entitats socials de la comarca en les diferents fases d\u2019elaboraci\u00f3 del Pla.<\/p>\n","protected":false},"excerpt":{"rendered":"<p>Aquest mat\u00ed les entitats socials de la comarca es trobaran de nou per reprendre l&#8217;activitat de la Taula per a la Inclusi\u00f3 i la Cohesi\u00f3 Social de l&#8217;Alt Empord\u00e0, despr\u00e9s de la pausa estival.<\/p>\n","protected":false},"author":3,"featured_media":4554,"comment_status":"closed","ping_status":"closed","sticky":false,"template":"","format":"standard","meta":{"footnotes":""},"categories":[106,33,100,101,105,104,1,108,12,11],"tags":[],"class_list":["post-4553","post","type-post","status-publish","format-standard","has-post-thumbnail","hentry","category-administracions","category-agenda","category-area-benestar","category-ciutadania","category-empreses","category-entitats-socials","category-general","category-mitjans-comunicacio","category-pla-dinclusio-2","category-taula-inclusio","category-106","category-33","category-100","category-101","category-105","category-104","category-1","category-108","category-12","category-11","description-off"],"_links":{"self":[{"href":"https:\/\/inclusioaltemporda.cat\/portal\/wp-json\/wp\/v2\/posts\/4553","targetHints":{"allow":["GET"]}}],"collection":[{"href":"https:\/\/inclusioaltemporda.cat\/portal\/wp-json\/wp\/v2\/posts"}],"about":[{"href":"https:\/\/inclusioaltemporda.cat\/portal\/wp-json\/wp\/v2\/types\/post"}],"author":[{"embeddable":true,"href":"https:\/\/inclusioaltemporda.cat\/portal\/wp-json\/wp\/v2\/users\/3"}],"replies":[{"embeddable":true,"href":"https:\/\/inclusioaltemporda.cat\/portal\/wp-json\/wp\/v2\/comments?post=4553"}],"version-history":[{"count":1,"href":"https:\/\/inclusioaltemporda.cat\/portal\/wp-json\/wp\/v2\/posts\/4553\/revisions"}],"predecessor-version":[{"id":4555,"href":"https:\/\/inclusioaltemporda.cat\/portal\/wp-json\/wp\/v2\/posts\/4553\/revisions\/4555"}],"wp:featuredmedia":[{"embeddable":true,"href":"https:\/\/inclusioaltemporda.cat\/portal\/wp-json\/wp\/v2\/media\/4554"}],"wp:attachment":[{"href":"https:\/\/inclusioaltemporda.cat\/portal\/wp-json\/wp\/v2\/media?parent=4553"}],"wp:term":[{"taxonomy":"category","embeddable":true,"href":"https:\/\/inclusioaltemporda.cat\/portal\/wp-json\/wp\/v2\/categories?post=4553"},{"taxonomy":"post_tag","embeddable":true,"href":"https:\/\/inclusioaltemporda.cat\/portal\/wp-json\/wp\/v2\/tags?post=4553"}],"curies":[{"name":"wp","href":"https:\/\/api.w.org\/{rel}","templated":true}]}}