{"id":4556,"date":"2014-09-19T09:28:52","date_gmt":"2014-09-19T08:28:52","guid":{"rendered":"https:\/\/inclusioaltemporda.cat\/portal\/?p=4556"},"modified":"2016-02-01T09:24:37","modified_gmt":"2016-02-01T08:24:37","slug":"la-taula-inclusio-alt-emporda-obre-un-nou-curs-fixant-nous-reptes","status":"publish","type":"post","link":"https:\/\/inclusioaltemporda.cat\/portal\/la-taula-inclusio-alt-emporda-obre-un-nou-curs-fixant-nous-reptes\/","title":{"rendered":"La Taula Inclusi\u00f3 Alt Empord\u00e0 obre un nou curs fixant nous reptes"},"content":{"rendered":"<p>La Taula Inclusi\u00f3 Alt Empord\u00e0 fixa en la primera sessi\u00f3 les prioritats de treball per al nou curs, que centraran la seva atenci\u00f3 principalment en la promoci\u00f3 i la sensibilitzaci\u00f3 entorn el voluntariat social, el disseny d&#8217;una acci\u00f3 que faciliti l&#8217;acc\u00e9s dels col\u00b7lectius en risc a les activitats de lleure educatiu, i en l&#8217;impuls d&#8217;una recerca sobre les necessitats sociosanit\u00e0ries a la comarca.<\/p>\n<p>Pel que fa a la l\u00ednia de treball sobre promoci\u00f3 i sensibilitzaci\u00f3 entorn el voluntariat les entitats assistents varen acordar definir una nova formaci\u00f3 sobre la gesti\u00f3 del voluntariat des de les entitats que treballen amb persones volunt\u00e0ries i donar un impuls al web de la Taula (<a href=\"http:\/\/www.plataformaentitatsaltemporda.cat\/\" target=\"_blank\">www.plataformaentitatsaltemporda.cat<\/a>) com a espai de difusi\u00f3 i sensibilitzaci\u00f3 dels projectes socials de les entitats altempordaneses.<\/p>\n<p>La sessi\u00f3 d&#8217;ahir tamb\u00e9 va servir per acordar la creaci\u00f3 d&#8217;un nou grup de treball que ser\u00e0 el responsable de dissenyar i implementar una nova acci\u00f3 dirigida a afavorir la participaci\u00f3 d&#8217;infants i joves en risc d&#8217;exclusi\u00f3 de la comarca en activitats d&#8217;educaci\u00f3 en el lleure.<\/p>\n<p>Les entitats tamb\u00e9 varen fer una valoraci\u00f3 conjunta del Informe Social 2013, que a partir de dades facilitades per les pr\u00f2pies entitats de la Taula i el Consell Comarcal ofereix una fotografia de la realitat social de la comarca en els diferents \u00e0mbits d&#8217;inclusi\u00f3. Aquest es far\u00e0 p\u00fablic en les properes setmanes.<\/p>\n<p>La Taula per a la Inclusi\u00f3 i la Cohesi\u00f3 Social de l&#8217;Alt Empord\u00e0 \u00e9s un espai de treball que agrupa entitats de l&#8217;\u00e0mbit social de la comarca i el Consell Comarcal, desenvolupant funcions d\u2019assessorament, consulta, proposta i participaci\u00f3 de les entitats socials de la comarca en les diferents fases d\u2019elaboraci\u00f3 del Pla.<\/p>\n","protected":false},"excerpt":{"rendered":"<p>La Taula Inclusi\u00f3 Alt Empord\u00e0 fixa en la primera sessi\u00f3 les prioritats de treball per al nou curs<\/p>\n","protected":false},"author":2,"featured_media":4558,"comment_status":"closed","ping_status":"closed","sticky":false,"template":"","format":"standard","meta":{"footnotes":""},"categories":[106,100,101,104,1,108,12,11],"tags":[],"class_list":["post-4556","post","type-post","status-publish","format-standard","has-post-thumbnail","hentry","category-administracions","category-area-benestar","category-ciutadania","category-entitats-socials","category-general","category-mitjans-comunicacio","category-pla-dinclusio-2","category-taula-inclusio","category-106","category-100","category-101","category-104","category-1","category-108","category-12","category-11","description-off"],"_links":{"self":[{"href":"https:\/\/inclusioaltemporda.cat\/portal\/wp-json\/wp\/v2\/posts\/4556","targetHints":{"allow":["GET"]}}],"collection":[{"href":"https:\/\/inclusioaltemporda.cat\/portal\/wp-json\/wp\/v2\/posts"}],"about":[{"href":"https:\/\/inclusioaltemporda.cat\/portal\/wp-json\/wp\/v2\/types\/post"}],"author":[{"embeddable":true,"href":"https:\/\/inclusioaltemporda.cat\/portal\/wp-json\/wp\/v2\/users\/2"}],"replies":[{"embeddable":true,"href":"https:\/\/inclusioaltemporda.cat\/portal\/wp-json\/wp\/v2\/comments?post=4556"}],"version-history":[{"count":3,"href":"https:\/\/inclusioaltemporda.cat\/portal\/wp-json\/wp\/v2\/posts\/4556\/revisions"}],"predecessor-version":[{"id":4560,"href":"https:\/\/inclusioaltemporda.cat\/portal\/wp-json\/wp\/v2\/posts\/4556\/revisions\/4560"}],"wp:featuredmedia":[{"embeddable":true,"href":"https:\/\/inclusioaltemporda.cat\/portal\/wp-json\/wp\/v2\/media\/4558"}],"wp:attachment":[{"href":"https:\/\/inclusioaltemporda.cat\/portal\/wp-json\/wp\/v2\/media?parent=4556"}],"wp:term":[{"taxonomy":"category","embeddable":true,"href":"https:\/\/inclusioaltemporda.cat\/portal\/wp-json\/wp\/v2\/categories?post=4556"},{"taxonomy":"post_tag","embeddable":true,"href":"https:\/\/inclusioaltemporda.cat\/portal\/wp-json\/wp\/v2\/tags?post=4556"}],"curies":[{"name":"wp","href":"https:\/\/api.w.org\/{rel}","templated":true}]}}