{"id":4563,"date":"2014-09-23T07:45:24","date_gmt":"2014-09-23T06:45:24","guid":{"rendered":"https:\/\/inclusioaltemporda.cat\/portal\/?p=4563"},"modified":"2016-01-29T17:02:21","modified_gmt":"2016-01-29T16:02:21","slug":"tallers-i-cursos-de-la-fundacio-clerch-i-nicolau","status":"publish","type":"post","link":"https:\/\/inclusioaltemporda.cat\/portal\/tallers-i-cursos-de-la-fundacio-clerch-i-nicolau\/","title":{"rendered":"Tallers i cursos de la Fundaci\u00f3 Clerch i Nicolau"},"content":{"rendered":"<p>La Fundaci\u00f3 Clerch i Nicolau amb seu a Figueres programa aquesta tardor diversos tallers per a joves i fam\u00edlies.<\/p>\n<p>L&#8217;oferta formativa d&#8217;aquesta tardor de la Fundaci\u00f3 Clerch i Nicolau preveu, entre altres, el taller &#8220;Enganxa&#8217;t a les matem\u00e0tiques&#8221; per a infants i joves amb dificultats d&#8217;aprenentatge i el taller &#8220;Educant amb disciplina positiva&#8221;.<\/p>\n<p>El primer taller s&#8217;impartir\u00e0 en dos grups des del mes d&#8217;octubre fins al mes de juny de 2015, els dissabtes de 10-11:30 i de 11:30-13h.\u00a0 El preu: 20 \u20ac\/mes.<\/p>\n<p>El segon, s&#8217;ofereix d&#8217;octubre a desembre de 2014, els dimarts i dimecres de 18-20h i el preu \u00e9s de 50\u20ac.<\/p>\n<p>Per con\u00e8ixer tota la informaci\u00f3 i l&#8217;oferta de tardor us podeu adre\u00e7ar a la Fundaci\u00f3 Clerch i Nicolau (c. Nou, 53.), tel. 972 503 952. Podeu consultar la p\u00e0gina web en aquest <a href=\"http:\/\/www.clerchinicolau.com\/\">enlla\u00e7<\/a>.<\/p>\n","protected":false},"excerpt":{"rendered":"<p>La Fundaci\u00f3 Clerch i Nicolau amb seu a Figueres programa aquesta tardor diversos tallers per a joves i fam\u00edlies.<\/p>\n","protected":false},"author":3,"featured_media":4564,"comment_status":"closed","ping_status":"open","sticky":false,"template":"","format":"standard","meta":{"footnotes":""},"categories":[106,33,101,104,103,1,108,11],"tags":[],"class_list":["post-4563","post","type-post","status-publish","format-standard","has-post-thumbnail","hentry","category-administracions","category-agenda","category-ciutadania","category-entitats-socials","category-estudiants-escoles-instituts","category-general","category-mitjans-comunicacio","category-taula-inclusio","category-106","category-33","category-101","category-104","category-103","category-1","category-108","category-11","description-off"],"_links":{"self":[{"href":"https:\/\/inclusioaltemporda.cat\/portal\/wp-json\/wp\/v2\/posts\/4563","targetHints":{"allow":["GET"]}}],"collection":[{"href":"https:\/\/inclusioaltemporda.cat\/portal\/wp-json\/wp\/v2\/posts"}],"about":[{"href":"https:\/\/inclusioaltemporda.cat\/portal\/wp-json\/wp\/v2\/types\/post"}],"author":[{"embeddable":true,"href":"https:\/\/inclusioaltemporda.cat\/portal\/wp-json\/wp\/v2\/users\/3"}],"replies":[{"embeddable":true,"href":"https:\/\/inclusioaltemporda.cat\/portal\/wp-json\/wp\/v2\/comments?post=4563"}],"version-history":[{"count":1,"href":"https:\/\/inclusioaltemporda.cat\/portal\/wp-json\/wp\/v2\/posts\/4563\/revisions"}],"predecessor-version":[{"id":4565,"href":"https:\/\/inclusioaltemporda.cat\/portal\/wp-json\/wp\/v2\/posts\/4563\/revisions\/4565"}],"wp:featuredmedia":[{"embeddable":true,"href":"https:\/\/inclusioaltemporda.cat\/portal\/wp-json\/wp\/v2\/media\/4564"}],"wp:attachment":[{"href":"https:\/\/inclusioaltemporda.cat\/portal\/wp-json\/wp\/v2\/media?parent=4563"}],"wp:term":[{"taxonomy":"category","embeddable":true,"href":"https:\/\/inclusioaltemporda.cat\/portal\/wp-json\/wp\/v2\/categories?post=4563"},{"taxonomy":"post_tag","embeddable":true,"href":"https:\/\/inclusioaltemporda.cat\/portal\/wp-json\/wp\/v2\/tags?post=4563"}],"curies":[{"name":"wp","href":"https:\/\/api.w.org\/{rel}","templated":true}]}}