{"id":4566,"date":"2014-09-24T11:34:39","date_gmt":"2014-09-24T10:34:39","guid":{"rendered":"https:\/\/inclusioaltemporda.cat\/portal\/?p=4566"},"modified":"2014-09-24T11:35:47","modified_gmt":"2014-09-24T10:35:47","slug":"aprovat-el-pla-de-ciutadania-i-de-les-migracions-de-catalunya","status":"publish","type":"post","link":"https:\/\/inclusioaltemporda.cat\/portal\/aprovat-el-pla-de-ciutadania-i-de-les-migracions-de-catalunya\/","title":{"rendered":"Aprovat el Pla de ciutadania i de les migracions de Catalunya"},"content":{"rendered":"<p>El Govern de la Generalitat va aprovar el <a href=\"http:\/\/www20.gencat.cat\/docs\/bsf\/03Ambits%20tematics\/05Immigracio\/03Politiquesplansactuacio\/pla_ciutadania_immmigracio\/PCM_2013-2016.pdf\" target=\"_blank\">Pla de ciutadania i de les migracions: horitz\u00f3 2016(PCM)<\/a> el passat mes d&#8217;abril. Aquest \u00e9s un document estrat\u00e8gic i program\u00e0tic que recull totes les pol\u00edtiques p\u00fabliques que desenvolupa la Generalitat de Catalunya per mitj\u00e0 dels diferents departaments, sovint en col\u00b7laboraci\u00f3 amb altres actors com els ens locals, els agents socials o les entitats socials.<\/p>\n<p>Aquest \u00e9s el cinqu\u00e8 pla interdepartamental d\u2019aquestes caracter\u00edstiques -el primer dels quals es remunta a 1993- que t\u00e9 per m\u00e0xim objectiu gestionar l\u2019acollida i la integraci\u00f3 de les persones migrades a Catalunya.<\/p>\n<div>\n<p>El Pla de ciutadania i de les migracions, que tindr\u00e0 vig\u00e8ncia fins l&#8217;any 2016 s&#8217;estructura en un primer cap\u00edtol, introductori, que ofereix dades legals, administratives i sociodemogr\u00e0fiques. Un segon apartat que cobreix els aspectes procedimentals i operatius del Pla. El tercer cap\u00edtol recull el Pla d\u2019actuacions i pressupost corresponent al 2013. Anualment es concretaran i aprovaran els plans d\u2019actuaci\u00f3 per els anys 2014, 2015 i 2016<\/p>\n<\/div>\n","protected":false},"excerpt":{"rendered":"<p>El Govern de la Generalitat aprov\u00e0 l&#8217;abril passat aquest document de car\u00e0cter estrat\u00e8gic en l&#8217;\u00e0mbit de les pol\u00edtiques d&#8217;acollida<\/p>\n","protected":false},"author":2,"featured_media":4567,"comment_status":"open","ping_status":"open","sticky":false,"template":"","format":"standard","meta":{"footnotes":""},"categories":[106,100,101,103,1,108],"tags":[],"class_list":["post-4566","post","type-post","status-publish","format-standard","has-post-thumbnail","hentry","category-administracions","category-area-benestar","category-ciutadania","category-estudiants-escoles-instituts","category-general","category-mitjans-comunicacio","category-106","category-100","category-101","category-103","category-1","category-108","description-off"],"_links":{"self":[{"href":"https:\/\/inclusioaltemporda.cat\/portal\/wp-json\/wp\/v2\/posts\/4566","targetHints":{"allow":["GET"]}}],"collection":[{"href":"https:\/\/inclusioaltemporda.cat\/portal\/wp-json\/wp\/v2\/posts"}],"about":[{"href":"https:\/\/inclusioaltemporda.cat\/portal\/wp-json\/wp\/v2\/types\/post"}],"author":[{"embeddable":true,"href":"https:\/\/inclusioaltemporda.cat\/portal\/wp-json\/wp\/v2\/users\/2"}],"replies":[{"embeddable":true,"href":"https:\/\/inclusioaltemporda.cat\/portal\/wp-json\/wp\/v2\/comments?post=4566"}],"version-history":[{"count":2,"href":"https:\/\/inclusioaltemporda.cat\/portal\/wp-json\/wp\/v2\/posts\/4566\/revisions"}],"predecessor-version":[{"id":4569,"href":"https:\/\/inclusioaltemporda.cat\/portal\/wp-json\/wp\/v2\/posts\/4566\/revisions\/4569"}],"wp:featuredmedia":[{"embeddable":true,"href":"https:\/\/inclusioaltemporda.cat\/portal\/wp-json\/wp\/v2\/media\/4567"}],"wp:attachment":[{"href":"https:\/\/inclusioaltemporda.cat\/portal\/wp-json\/wp\/v2\/media?parent=4566"}],"wp:term":[{"taxonomy":"category","embeddable":true,"href":"https:\/\/inclusioaltemporda.cat\/portal\/wp-json\/wp\/v2\/categories?post=4566"},{"taxonomy":"post_tag","embeddable":true,"href":"https:\/\/inclusioaltemporda.cat\/portal\/wp-json\/wp\/v2\/tags?post=4566"}],"curies":[{"name":"wp","href":"https:\/\/api.w.org\/{rel}","templated":true}]}}