{"id":4571,"date":"2014-09-25T07:31:06","date_gmt":"2014-09-25T06:31:06","guid":{"rendered":"https:\/\/inclusioaltemporda.cat\/portal\/?p=4571"},"modified":"2014-09-25T07:31:06","modified_gmt":"2014-09-25T06:31:06","slug":"obertes-les-inscripcions-per-als-cursos-de-catala-del-consorci-per-a-la-normalitzacio-linguistica","status":"publish","type":"post","link":"https:\/\/inclusioaltemporda.cat\/portal\/obertes-les-inscripcions-per-als-cursos-de-catala-del-consorci-per-a-la-normalitzacio-linguistica\/","title":{"rendered":"Obertes les inscripcions per als cursos de catal\u00e0 del Consorci per a la Normalitzaci\u00f3 Ling\u00fc\u00edstica"},"content":{"rendered":"<div><span dir=\"ltr\" lang=\"ca\">El servei comarcal de l&#8217;Alt Empord\u00e0 del Consorci <\/span><span dir=\"ltr\" lang=\"ca\">per a la Normalitzaci\u00f3 Ling\u00fc\u00edstica ha obert les inscripcions per als cursos de catal\u00e0 que imparteix a la comarca.<\/span><\/div>\n<div><\/div>\n<div><\/div>\n<div><span dir=\"ltr\" lang=\"ca\">L\u2019oferta inclou la possibilitat d&#8217;accedir a 5 nivells de formaci\u00f3 (elemental, b\u00e0sic, intermedi, sufici\u00e8ncia i superior), aix\u00ed com tres modalitats d\u2019aprenentatge:<\/span><span dir=\"ltr\" lang=\"ca\">\u00a0<\/span><span dir=\"ltr\" lang=\"ca\">presencial (cursos de 45, 90 o 120 hores), semipresencial i en l\u00ednia a trav\u00e9s del <\/span><a href=\"http:\/\/www.parla.cat\/\" target=\"_blank\"><span dir=\"ltr\"><span lang=\"ca\">Parla.cat<\/span><\/span><\/a><span dir=\"ltr\" lang=\"ca\"> (amb tutor o per lliure). Podeu accedir a la i<a href=\"http:\/\/www.cpnl.cat\/xarxa\/cnlgirona\/02003_alt_emporda\/02003presentacio.html\">nformaci\u00f3 complerta en aquest enlla\u00e7<\/a>.<\/span><\/div>\n<div><\/div>\n<div><\/div>\n<div>Els cursos s&#8217;imparteixen en dos per\u00edodes de l&#8217;any: novembre-febrer (matr\u00edcula ara els mesos de setembre i octubre) i febrer-maig (matr\u00edcula al gener).<\/div>\n<div><\/div>\n<div><\/div>\n<div>\n<p>El Servei de Catal\u00e0 de l&#8217;Alt Empord\u00e0 est\u00e0 al\u00a0c. Nou, 53 de\u00a0Figueres i s&#8217;hi pot contactar per tel\u00e8fon (972 506 663) o per correu electr\u00f2nic (altemporda@cpnl.cat).<\/p>\n<p>&nbsp;<\/p>\n<\/div>\n<div>Si voleu con\u00e8ixer l&#8217;oferta concreta en els municipis de la comarca, podeu <a href=\"http:\/\/www.cpnl.cat\/cursos-catala\/cercador-cursos\/\">accedir al cercador mitjan\u00e7ant aquest enlla<\/a>\u00e7.<\/div>\n<p>&nbsp;<\/p>\n","protected":false},"excerpt":{"rendered":"<p>El servei comarcal de l&#8217;Alt Empord\u00e0 del Consorci per a la Normalitzaci\u00f3 Ling\u00fc\u00edstica ha obert les inscripcions per als cursos de catal\u00e0 que imparteix a la comarca.<\/p>\n","protected":false},"author":3,"featured_media":4572,"comment_status":"open","ping_status":"open","sticky":false,"template":"","format":"standard","meta":{"footnotes":""},"categories":[106,33,107,101,105,104,103,1,108],"tags":[],"class_list":["post-4571","post","type-post","status-publish","format-standard","has-post-thumbnail","hentry","category-administracions","category-agenda","category-centres-recerca-universitats","category-ciutadania","category-empreses","category-entitats-socials","category-estudiants-escoles-instituts","category-general","category-mitjans-comunicacio","category-106","category-33","category-107","category-101","category-105","category-104","category-103","category-1","category-108","description-off"],"_links":{"self":[{"href":"https:\/\/inclusioaltemporda.cat\/portal\/wp-json\/wp\/v2\/posts\/4571","targetHints":{"allow":["GET"]}}],"collection":[{"href":"https:\/\/inclusioaltemporda.cat\/portal\/wp-json\/wp\/v2\/posts"}],"about":[{"href":"https:\/\/inclusioaltemporda.cat\/portal\/wp-json\/wp\/v2\/types\/post"}],"author":[{"embeddable":true,"href":"https:\/\/inclusioaltemporda.cat\/portal\/wp-json\/wp\/v2\/users\/3"}],"replies":[{"embeddable":true,"href":"https:\/\/inclusioaltemporda.cat\/portal\/wp-json\/wp\/v2\/comments?post=4571"}],"version-history":[{"count":2,"href":"https:\/\/inclusioaltemporda.cat\/portal\/wp-json\/wp\/v2\/posts\/4571\/revisions"}],"predecessor-version":[{"id":4574,"href":"https:\/\/inclusioaltemporda.cat\/portal\/wp-json\/wp\/v2\/posts\/4571\/revisions\/4574"}],"wp:featuredmedia":[{"embeddable":true,"href":"https:\/\/inclusioaltemporda.cat\/portal\/wp-json\/wp\/v2\/media\/4572"}],"wp:attachment":[{"href":"https:\/\/inclusioaltemporda.cat\/portal\/wp-json\/wp\/v2\/media?parent=4571"}],"wp:term":[{"taxonomy":"category","embeddable":true,"href":"https:\/\/inclusioaltemporda.cat\/portal\/wp-json\/wp\/v2\/categories?post=4571"},{"taxonomy":"post_tag","embeddable":true,"href":"https:\/\/inclusioaltemporda.cat\/portal\/wp-json\/wp\/v2\/tags?post=4571"}],"curies":[{"name":"wp","href":"https:\/\/api.w.org\/{rel}","templated":true}]}}