{"id":4588,"date":"2014-09-26T07:38:10","date_gmt":"2014-09-26T06:38:10","guid":{"rendered":"https:\/\/inclusioaltemporda.cat\/portal\/?p=4588"},"modified":"2014-09-26T07:45:55","modified_gmt":"2014-09-26T06:45:55","slug":"ksameu-inaugura-el-nou-curs","status":"publish","type":"post","link":"https:\/\/inclusioaltemporda.cat\/portal\/ksameu-inaugura-el-nou-curs\/","title":{"rendered":"El projecte socioeducatiu Ksameu per a adolescents i joves inaugura el nou curs"},"content":{"rendered":"<p>Aquesta tarda la Fundaci\u00f3 Escola Sant Vicen\u00e7 de Pa\u00fcl celebra la inauguraci\u00f3 del nou curs del projecte socioeducatiu Ksameu adre\u00e7at a adolescents i joves de Figueres.<\/p>\n<p>L&#8217;acte es far\u00e0 a les 18:30h. a la seu de l&#8217;entitat a la pla\u00e7a Sant Vicen\u00e7 de Pa\u00fcl de la ciutat. En el decurs d&#8217;aquest acte es lliuraran els certificats als alumnes del curs de premonitors organitzats aquest estiu.<\/p>\n<p>Ksameu \u00e9s un projecte socioeducatiu posat en marxa l\u2019any 2007, a partir de la reflexi\u00f3 sobre la necessitat de millorar l\u2019oferta de recursos l\u00fadics i educatius per a adolescents i joves a la ciutat de Figueres.<\/p>\n<p>El projecte socioeducatiu Ksameu t\u00e9 com a objectius prioritaris acollir i acompanyar adolescents i joves en el seu propi itinerari personal, posant esfor\u00e7 de manera especial en l\u2019educaci\u00f3 en la responsabilitat, a trav\u00e9s de d\u2019una metodologia de contracte fonamentada en els drets i deures.<\/p>\n","protected":false},"excerpt":{"rendered":"<p>Aquesta tarda la Fundaci\u00f3 Escola Sant Vicen\u00e7 de Pa\u00fcl celebra la inauguraci\u00f3 del nou curs del projecte socioeducatiu Ksameu adre\u00e7at a joves i adolescents de Figueres.<\/p>\n","protected":false},"author":3,"featured_media":1553,"comment_status":"open","ping_status":"open","sticky":false,"template":"","format":"standard","meta":{"footnotes":""},"categories":[106,33,101,105,104,103,1,108,11],"tags":[],"class_list":["post-4588","post","type-post","status-publish","format-standard","has-post-thumbnail","hentry","category-administracions","category-agenda","category-ciutadania","category-empreses","category-entitats-socials","category-estudiants-escoles-instituts","category-general","category-mitjans-comunicacio","category-taula-inclusio","category-106","category-33","category-101","category-105","category-104","category-103","category-1","category-108","category-11","description-off"],"_links":{"self":[{"href":"https:\/\/inclusioaltemporda.cat\/portal\/wp-json\/wp\/v2\/posts\/4588","targetHints":{"allow":["GET"]}}],"collection":[{"href":"https:\/\/inclusioaltemporda.cat\/portal\/wp-json\/wp\/v2\/posts"}],"about":[{"href":"https:\/\/inclusioaltemporda.cat\/portal\/wp-json\/wp\/v2\/types\/post"}],"author":[{"embeddable":true,"href":"https:\/\/inclusioaltemporda.cat\/portal\/wp-json\/wp\/v2\/users\/3"}],"replies":[{"embeddable":true,"href":"https:\/\/inclusioaltemporda.cat\/portal\/wp-json\/wp\/v2\/comments?post=4588"}],"version-history":[{"count":3,"href":"https:\/\/inclusioaltemporda.cat\/portal\/wp-json\/wp\/v2\/posts\/4588\/revisions"}],"predecessor-version":[{"id":4591,"href":"https:\/\/inclusioaltemporda.cat\/portal\/wp-json\/wp\/v2\/posts\/4588\/revisions\/4591"}],"wp:featuredmedia":[{"embeddable":true,"href":"https:\/\/inclusioaltemporda.cat\/portal\/wp-json\/wp\/v2\/media\/1553"}],"wp:attachment":[{"href":"https:\/\/inclusioaltemporda.cat\/portal\/wp-json\/wp\/v2\/media?parent=4588"}],"wp:term":[{"taxonomy":"category","embeddable":true,"href":"https:\/\/inclusioaltemporda.cat\/portal\/wp-json\/wp\/v2\/categories?post=4588"},{"taxonomy":"post_tag","embeddable":true,"href":"https:\/\/inclusioaltemporda.cat\/portal\/wp-json\/wp\/v2\/tags?post=4588"}],"curies":[{"name":"wp","href":"https:\/\/api.w.org\/{rel}","templated":true}]}}