{"id":4592,"date":"2014-09-29T07:37:55","date_gmt":"2014-09-29T06:37:55","guid":{"rendered":"https:\/\/inclusioaltemporda.cat\/portal\/?p=4592"},"modified":"2014-09-29T07:37:55","modified_gmt":"2014-09-29T06:37:55","slug":"lletres-per-a-tothom","status":"publish","type":"post","link":"https:\/\/inclusioaltemporda.cat\/portal\/lletres-per-a-tothom\/","title":{"rendered":"Lletres per a tothom"},"content":{"rendered":"<p><span dir=\"ltr\">La Direcci\u00f3 General per a la Immigraci\u00f3 de la Generalitat de Catalunya promou la creaci\u00f3 del curs &#8220;Lletres per a Tothom&#8221;, que finan\u00e7a la Fundaci\u00f3 La Caixa.<br \/>\n<\/span><\/p>\n<p><span dir=\"ltr\">Aquest curs d&#8217;alfabetitzaci\u00f3 en llengua catalana est\u00e0 organitzat pel Pla Territorial de Ciutadania i Immigraci\u00f3 del Consell Comarcal de l&#8217;Alt Empord\u00e0 i \u00e9s impartit per l&#8217;ONG Tallers.<\/span><\/p>\n<p><span dir=\"ltr\">Enguany, se&#8217;n faran dues edicions una a La Jonquera i una altra a Sant Pere Pescador que compten amb el suport dels respectius Ajuntaments.<br \/>\n<\/span><\/p>\n<p><span dir=\"ltr\">Cada curs t\u00e9 una durada de 60 hores i estan adre\u00e7ats a persones d&#8217;origen estranger residents en aquests municipis. Els cursos es portaran a terme durant els mesos d&#8217;octubre a\u00a0desembre. L&#8217;objectiu \u00e9s donar resposta a la necessitat de formaci\u00f3 en aquest \u00e0mbit per a persones immigrades residents a Catalunya que manifesten dificultats d&#8217;expressi\u00f3 escrita i comprensi\u00f3 lectora en catal\u00e0.<\/span><\/p>\n","protected":false},"excerpt":{"rendered":"<p>La Direcci\u00f3 General per a la Immigraci\u00f3 de la Generalitat de Catalunya promou la creaci\u00f3 del curs &#8220;Lletres per a Tothom&#8221;, que finan\u00e7a la Fundaci\u00f3 La Caixa i que s&#8217;impartir\u00e0 a dos municipis de la comarca.<\/p>\n","protected":false},"author":3,"featured_media":4594,"comment_status":"open","ping_status":"open","sticky":false,"template":"","format":"standard","meta":{"footnotes":""},"categories":[106,100,101,105,104,103,1,108],"tags":[],"class_list":["post-4592","post","type-post","status-publish","format-standard","has-post-thumbnail","hentry","category-administracions","category-area-benestar","category-ciutadania","category-empreses","category-entitats-socials","category-estudiants-escoles-instituts","category-general","category-mitjans-comunicacio","category-106","category-100","category-101","category-105","category-104","category-103","category-1","category-108","description-off"],"_links":{"self":[{"href":"https:\/\/inclusioaltemporda.cat\/portal\/wp-json\/wp\/v2\/posts\/4592","targetHints":{"allow":["GET"]}}],"collection":[{"href":"https:\/\/inclusioaltemporda.cat\/portal\/wp-json\/wp\/v2\/posts"}],"about":[{"href":"https:\/\/inclusioaltemporda.cat\/portal\/wp-json\/wp\/v2\/types\/post"}],"author":[{"embeddable":true,"href":"https:\/\/inclusioaltemporda.cat\/portal\/wp-json\/wp\/v2\/users\/3"}],"replies":[{"embeddable":true,"href":"https:\/\/inclusioaltemporda.cat\/portal\/wp-json\/wp\/v2\/comments?post=4592"}],"version-history":[{"count":1,"href":"https:\/\/inclusioaltemporda.cat\/portal\/wp-json\/wp\/v2\/posts\/4592\/revisions"}],"predecessor-version":[{"id":4595,"href":"https:\/\/inclusioaltemporda.cat\/portal\/wp-json\/wp\/v2\/posts\/4592\/revisions\/4595"}],"wp:featuredmedia":[{"embeddable":true,"href":"https:\/\/inclusioaltemporda.cat\/portal\/wp-json\/wp\/v2\/media\/4594"}],"wp:attachment":[{"href":"https:\/\/inclusioaltemporda.cat\/portal\/wp-json\/wp\/v2\/media?parent=4592"}],"wp:term":[{"taxonomy":"category","embeddable":true,"href":"https:\/\/inclusioaltemporda.cat\/portal\/wp-json\/wp\/v2\/categories?post=4592"},{"taxonomy":"post_tag","embeddable":true,"href":"https:\/\/inclusioaltemporda.cat\/portal\/wp-json\/wp\/v2\/tags?post=4592"}],"curies":[{"name":"wp","href":"https:\/\/api.w.org\/{rel}","templated":true}]}}