{"id":4604,"date":"2014-09-30T08:10:46","date_gmt":"2014-09-30T07:10:46","guid":{"rendered":"https:\/\/inclusioaltemporda.cat\/portal\/?p=4604"},"modified":"2014-09-30T08:12:05","modified_gmt":"2014-09-30T07:12:05","slug":"long-tallers-imparteix-un-curs-dalfabetitzacio-digital-a-sant-pere-pescador","status":"publish","type":"post","link":"https:\/\/inclusioaltemporda.cat\/portal\/long-tallers-imparteix-un-curs-dalfabetitzacio-digital-a-sant-pere-pescador\/","title":{"rendered":"L&#8217;ONG Tallers imparteix un curs d&#8217;alfabetitzaci\u00f3 digital a Sant Pere Pescador"},"content":{"rendered":"<p><span dir=\"ltr\">Aquesta formaci\u00f3 en alfabetitzaci\u00f3 digital tindr\u00e0 una durada de 25 hores i es portar\u00e0 a terme del 8 d&#8217;octubre al 10 de desembre.<\/span><\/p>\n<p><span dir=\"ltr\">El curs d&#8217;alfabetitzaci\u00f3 digital <span dir=\"ltr\">est\u00e0 adre\u00e7at a persones d&#8217;origen estranger residents al municipi que vulguin adquirir coneixements b\u00e0sics sobre aquesta mat\u00e8ria. El curs s&#8217;impartir\u00e0 els dimecres de 12:00 a 14:30h. a la biblioteca municipal.<\/span><br \/>\n<\/span><\/p>\n<p><span dir=\"ltr\">El curs est\u00e0 finan\u00e7at per la Direcci\u00f3 General per a la Immigraci\u00f3 de la Generalitat de Catalunya i compta amb el suport organitzatiu del Pla Territorial de Ciutadania i Immigraci\u00f3 del Consell Comarcal de l&#8217;Alt Empord\u00e0 i de l&#8217;Ajuntament de Sant Pere Pescador.<\/span><span style=\"color: black; font-family: Calibri,Arial,Helvetica,sans-serif; font-size: medium;\"><span style=\"font-size: 12pt; background-color: white;\"><span dir=\"ltr\"><br \/>\n<\/span><\/span><\/span><\/p>\n","protected":false},"excerpt":{"rendered":"<p>Aquesta formaci\u00f3 en alfabetitzaci\u00f3 digital tindr\u00e0 una durada de 25 hores i es portar\u00e0 a terme del 8 d&#8217;octubre al 10 de desembre.<\/p>\n","protected":false},"author":3,"featured_media":4605,"comment_status":"open","ping_status":"open","sticky":false,"template":"","format":"standard","meta":{"footnotes":""},"categories":[106,33,100,101,105,104,1,108,11],"tags":[],"class_list":["post-4604","post","type-post","status-publish","format-standard","has-post-thumbnail","hentry","category-administracions","category-agenda","category-area-benestar","category-ciutadania","category-empreses","category-entitats-socials","category-general","category-mitjans-comunicacio","category-taula-inclusio","category-106","category-33","category-100","category-101","category-105","category-104","category-1","category-108","category-11","description-off"],"_links":{"self":[{"href":"https:\/\/inclusioaltemporda.cat\/portal\/wp-json\/wp\/v2\/posts\/4604","targetHints":{"allow":["GET"]}}],"collection":[{"href":"https:\/\/inclusioaltemporda.cat\/portal\/wp-json\/wp\/v2\/posts"}],"about":[{"href":"https:\/\/inclusioaltemporda.cat\/portal\/wp-json\/wp\/v2\/types\/post"}],"author":[{"embeddable":true,"href":"https:\/\/inclusioaltemporda.cat\/portal\/wp-json\/wp\/v2\/users\/3"}],"replies":[{"embeddable":true,"href":"https:\/\/inclusioaltemporda.cat\/portal\/wp-json\/wp\/v2\/comments?post=4604"}],"version-history":[{"count":3,"href":"https:\/\/inclusioaltemporda.cat\/portal\/wp-json\/wp\/v2\/posts\/4604\/revisions"}],"predecessor-version":[{"id":4608,"href":"https:\/\/inclusioaltemporda.cat\/portal\/wp-json\/wp\/v2\/posts\/4604\/revisions\/4608"}],"wp:featuredmedia":[{"embeddable":true,"href":"https:\/\/inclusioaltemporda.cat\/portal\/wp-json\/wp\/v2\/media\/4605"}],"wp:attachment":[{"href":"https:\/\/inclusioaltemporda.cat\/portal\/wp-json\/wp\/v2\/media?parent=4604"}],"wp:term":[{"taxonomy":"category","embeddable":true,"href":"https:\/\/inclusioaltemporda.cat\/portal\/wp-json\/wp\/v2\/categories?post=4604"},{"taxonomy":"post_tag","embeddable":true,"href":"https:\/\/inclusioaltemporda.cat\/portal\/wp-json\/wp\/v2\/tags?post=4604"}],"curies":[{"name":"wp","href":"https:\/\/api.w.org\/{rel}","templated":true}]}}