{"id":4609,"date":"2014-10-01T07:55:35","date_gmt":"2014-10-01T06:55:35","guid":{"rendered":"https:\/\/inclusioaltemporda.cat\/portal\/?p=4609"},"modified":"2014-10-01T07:56:38","modified_gmt":"2014-10-01T06:56:38","slug":"el-consell-comarcal-promou-un-curs-per-formar-joves-en-agents-de-salut","status":"publish","type":"post","link":"https:\/\/inclusioaltemporda.cat\/portal\/el-consell-comarcal-promou-un-curs-per-formar-joves-en-agents-de-salut\/","title":{"rendered":"El Consell Comarcal promou un curs per formar joves en agents de salut"},"content":{"rendered":"<p>L&#8217;\u00e0rea de Joventut del Consell Comarcal de l&#8217;Alt Empord\u00e0 promou un curs per formar joves de 15 a 19 anys en temes de salut, amb l&#8217;objectiu que puguin intervenir activament en l&#8217;espai relacional m\u00e9s pr\u00f2xim per tal de millorar els h\u00e0bits saludables de les persones del seu entorn.<\/p>\n<p>El cost del curs d&#8217;agent jove de salut \u00e9s de 20 euros i inclou set sessions amb professionals de la salut a m\u00e9s d&#8217;unes col\u00f2nies de cap de setmana. El curs, previst entre el 15 d&#8217;octubre i el 30 de novembre, es dur\u00e0 a terme cada dimecres de 16h a 19h a l&#8217;Oficina jove de l&#8217;Alt Empord\u00e0.<\/p>\n<p>Des de l&#8217;\u00e0rea de Joventut del Consell es considera que si es formen joves en salut i s&#8217;enforteixen els seus h\u00e0bits saludables, aquests podran influir en la salut i els comportaments dels seus companys. Els darrers anys s&#8217;ha constatat que augmenta el nombre d&#8217;adolescents i joves que prenen alcohol, que tenen addiccions a subst\u00e0ncies t\u00f2xiques, que abusen de les tecnologies de la informaci\u00f3 i comunicaci\u00f3 i que tenen una mala alimentaci\u00f3.<\/p>\n<p>Per inscriure&#8217;s al curs cal adre\u00e7ar-se a l&#8217;Oficina jove de l&#8217;Alt Empord\u00e0 (c\/Anicet de Pag\u00e8s, 2, de Figueres \/\/ T. 972673728,\u00a0 @ asanchez@altemporda.cat). Les inscripcions ja estan obertes i les places son limitades a 20 joves.<\/p>\n<p>&nbsp;<\/p>\n<p>&nbsp;<\/p>\n<p>&nbsp;<\/p>\n","protected":false},"excerpt":{"rendered":"<p>L&#8217;\u00e0rea de Joventut del Consell Comarcal de l&#8217;Alt Empord\u00e0 formar\u00e0 joves de 15 a 19 anys en agents de salut <\/p>\n","protected":false},"author":2,"featured_media":2378,"comment_status":"open","ping_status":"open","sticky":false,"template":"","format":"standard","meta":{"footnotes":""},"categories":[106,33,101,103,1,108,102],"tags":[],"class_list":["post-4609","post","type-post","status-publish","format-standard","has-post-thumbnail","hentry","category-administracions","category-agenda","category-ciutadania","category-estudiants-escoles-instituts","category-general","category-mitjans-comunicacio","category-professionals-ambit-social","category-106","category-33","category-101","category-103","category-1","category-108","category-102","description-off"],"_links":{"self":[{"href":"https:\/\/inclusioaltemporda.cat\/portal\/wp-json\/wp\/v2\/posts\/4609","targetHints":{"allow":["GET"]}}],"collection":[{"href":"https:\/\/inclusioaltemporda.cat\/portal\/wp-json\/wp\/v2\/posts"}],"about":[{"href":"https:\/\/inclusioaltemporda.cat\/portal\/wp-json\/wp\/v2\/types\/post"}],"author":[{"embeddable":true,"href":"https:\/\/inclusioaltemporda.cat\/portal\/wp-json\/wp\/v2\/users\/2"}],"replies":[{"embeddable":true,"href":"https:\/\/inclusioaltemporda.cat\/portal\/wp-json\/wp\/v2\/comments?post=4609"}],"version-history":[{"count":3,"href":"https:\/\/inclusioaltemporda.cat\/portal\/wp-json\/wp\/v2\/posts\/4609\/revisions"}],"predecessor-version":[{"id":4612,"href":"https:\/\/inclusioaltemporda.cat\/portal\/wp-json\/wp\/v2\/posts\/4609\/revisions\/4612"}],"wp:featuredmedia":[{"embeddable":true,"href":"https:\/\/inclusioaltemporda.cat\/portal\/wp-json\/wp\/v2\/media\/2378"}],"wp:attachment":[{"href":"https:\/\/inclusioaltemporda.cat\/portal\/wp-json\/wp\/v2\/media?parent=4609"}],"wp:term":[{"taxonomy":"category","embeddable":true,"href":"https:\/\/inclusioaltemporda.cat\/portal\/wp-json\/wp\/v2\/categories?post=4609"},{"taxonomy":"post_tag","embeddable":true,"href":"https:\/\/inclusioaltemporda.cat\/portal\/wp-json\/wp\/v2\/tags?post=4609"}],"curies":[{"name":"wp","href":"https:\/\/api.w.org\/{rel}","templated":true}]}}