{"id":4614,"date":"2014-10-03T08:33:07","date_gmt":"2014-10-03T07:33:07","guid":{"rendered":"https:\/\/inclusioaltemporda.cat\/portal\/?p=4614"},"modified":"2014-10-03T08:33:07","modified_gmt":"2014-10-03T07:33:07","slug":"jornada-el-tracte-adequat-a-la-gent-gran-des-de-les-institucions","status":"publish","type":"post","link":"https:\/\/inclusioaltemporda.cat\/portal\/jornada-el-tracte-adequat-a-la-gent-gran-des-de-les-institucions\/","title":{"rendered":"Jornada: El tracte adequat a la gent gran des de les institucions."},"content":{"rendered":"<p>El Campus Arnau d&#8217;Escala i DIXIT Girona organitzen la jornada<em> El tracte adequat a la gent gran des de les institucions. Cap a nous models d&#8217;atenci\u00f3<\/em>, que tindr\u00e0 lloc el proper 8 d&#8217;octubre a l&#8217;auditori Josep Irla de Girona.<\/p>\n<p>Aquesta jornada, organitzada conjuntament amb el Grup de Treball de les persones grans de la comissi\u00f3 t\u00e8cnica de seguiment dels protocols d&#8217;actuaci\u00f3 en casos de viol\u00e8ncia de la demarcaci\u00f3 de Girona, est\u00e0 adre\u00e7ada a professionals d&#8217;atenci\u00f3 a la gent gran en resid\u00e8ncies geri\u00e0triques, centres sociosanitaris i centres de dia, experts, investigadors, usuaris i familiars o tutors d&#8217;usuaris d&#8217;aquests recursos.<\/p>\n<p>Podeu consultar el <a href=\"https:\/\/inclusioaltemporda.cat\/portal\/wp-content\/uploads\/Jornada_tracte_adequat_institucions.pdf\">programa de la jornada en aquest enlla\u00e7<\/a>.<\/p>\n","protected":false},"excerpt":{"rendered":"<p>El Campus Arnau d&#8217;Escala i DIXIT Girona organitzen la jornada El tracte adequat a la gent gran des de les institucions. Cap a nous models d&#8217;atenci\u00f3, que tindr\u00e0 lloc el proper 8 d&#8217;octubre a l&#8217;auditori Josep Irla de Girona.<\/p>\n","protected":false},"author":3,"featured_media":2536,"comment_status":"open","ping_status":"open","sticky":false,"template":"","format":"standard","meta":{"footnotes":""},"categories":[106,33,100,107,101,105,104,103,1,108,102],"tags":[],"class_list":["post-4614","post","type-post","status-publish","format-standard","has-post-thumbnail","hentry","category-administracions","category-agenda","category-area-benestar","category-centres-recerca-universitats","category-ciutadania","category-empreses","category-entitats-socials","category-estudiants-escoles-instituts","category-general","category-mitjans-comunicacio","category-professionals-ambit-social","category-106","category-33","category-100","category-107","category-101","category-105","category-104","category-103","category-1","category-108","category-102","description-off"],"_links":{"self":[{"href":"https:\/\/inclusioaltemporda.cat\/portal\/wp-json\/wp\/v2\/posts\/4614","targetHints":{"allow":["GET"]}}],"collection":[{"href":"https:\/\/inclusioaltemporda.cat\/portal\/wp-json\/wp\/v2\/posts"}],"about":[{"href":"https:\/\/inclusioaltemporda.cat\/portal\/wp-json\/wp\/v2\/types\/post"}],"author":[{"embeddable":true,"href":"https:\/\/inclusioaltemporda.cat\/portal\/wp-json\/wp\/v2\/users\/3"}],"replies":[{"embeddable":true,"href":"https:\/\/inclusioaltemporda.cat\/portal\/wp-json\/wp\/v2\/comments?post=4614"}],"version-history":[{"count":2,"href":"https:\/\/inclusioaltemporda.cat\/portal\/wp-json\/wp\/v2\/posts\/4614\/revisions"}],"predecessor-version":[{"id":4617,"href":"https:\/\/inclusioaltemporda.cat\/portal\/wp-json\/wp\/v2\/posts\/4614\/revisions\/4617"}],"wp:featuredmedia":[{"embeddable":true,"href":"https:\/\/inclusioaltemporda.cat\/portal\/wp-json\/wp\/v2\/media\/2536"}],"wp:attachment":[{"href":"https:\/\/inclusioaltemporda.cat\/portal\/wp-json\/wp\/v2\/media?parent=4614"}],"wp:term":[{"taxonomy":"category","embeddable":true,"href":"https:\/\/inclusioaltemporda.cat\/portal\/wp-json\/wp\/v2\/categories?post=4614"},{"taxonomy":"post_tag","embeddable":true,"href":"https:\/\/inclusioaltemporda.cat\/portal\/wp-json\/wp\/v2\/tags?post=4614"}],"curies":[{"name":"wp","href":"https:\/\/api.w.org\/{rel}","templated":true}]}}