{"id":4621,"date":"2014-10-06T09:09:28","date_gmt":"2014-10-06T08:09:28","guid":{"rendered":"https:\/\/inclusioaltemporda.cat\/portal\/?p=4621"},"modified":"2014-10-06T09:09:28","modified_gmt":"2014-10-06T08:09:28","slug":"un-44-de-les-accions-del-pla-dinclusio-en-execucio","status":"publish","type":"post","link":"https:\/\/inclusioaltemporda.cat\/portal\/un-44-de-les-accions-del-pla-dinclusio-en-execucio\/","title":{"rendered":"Un 44% de les accions del Pla d&#8217;Inclusi\u00f3 en execuci\u00f3"},"content":{"rendered":"<p>La Comissi\u00f3 de Seguiment del Pla per a la Inclusi\u00f3 i la Cohesi\u00f3 Social de l&#8217;Alt Empord\u00e0 2013-2016 elabora el primer informe de seguiment de les accions del Pla.<\/p>\n<p>Al llarg del primer any d&#8217;implementaci\u00f3 del Pla per a la inclusi\u00f3 un 44,2% de les accions s&#8217;han dut a terme o s&#8217;estan executant, un 29% de les accions es posaran en marxa en els propers mesos i un 21% de les accions estan pendents i han de ser validades per la Comissi\u00f3 de Seguiment per acordar la millor estrat\u00e8gia d&#8217;execuci\u00f3. Un 5,8% de les accions han quedat descartades per dificultats pressupost\u00e0ries i organitzatives.<\/p>\n<p>El seguiment i l&#8217;avaluaci\u00f3 d&#8217;aquest Pla per a la Inclusi\u00f3 es porta a terme mitjan\u00e7ant la Comissi\u00f3 de Seguiment, un espai de treball transversal, interdisciplinar i interadministratiu integrat per un equip format pels t\u00e8cnics de les diferents \u00e0rees del Consell Comarcal implicades en l&#8217;execuci\u00f3, seguiment i avaluaci\u00f3 del Pla (\u00c0rea de Benestar, \u00c0rea d&#8217;Ensenyament i Cultura, \u00c0rea d&#8217;Habitatge, \u00c0rea de Joventut i \u00c0rea de Medi Ambient) aix\u00ed com pels t\u00e8cnics de Benestar i Promoci\u00f3 Econ\u00f2mica dels ajuntaments de Castell\u00f3 d&#8217;Emp\u00faries, L&#8217;Escala, La Jonquera i Roses.<\/p>\n<p>Les principals funcions de la Comissi\u00f3 de Seguiment s\u00f3n les seg\u00fcents:<\/p>\n<p>1) Vetllar per l&#8217;execuci\u00f3 i desenvolupament de les accions que contempla el Pla.<br \/>\n2) Fer el seguiment peri\u00f2dic de les accions del Pla per con\u00e8ixer l&#8217;estat d&#8217;execuci\u00f3 i els aven\u00e7os assolits.<br \/>\n3) Informar dels resultats assolits pel Pla aix\u00ed com promoure la transpar\u00e8ncia i el rendiment de comptes en relaci\u00f3 a l&#8217;execuci\u00f3 de les accions.<\/p>\n<p>Aquest primer informe exposa els resultats assolits un any despr\u00e9s d&#8217;aprovar-se el Pla. Els resultats s&#8217;expressen en primer lloc segons la temporalitat d&#8217;execuci\u00f3 de les accions: curt termini (6 mesos-1 any); mig termini (1-2 anys) i llarg termini (2-3 anys) i tamb\u00e9 es presenten per etapa de cicle vital.<\/p>\n<p>El seguiment dels objectius estrat\u00e8gics, operatius i les accions s&#8217;ha dut a terme mitjan\u00e7ant un instrument de gesti\u00f3 compartida entre els t\u00e8cnics de la Comissi\u00f3: el Mapa de Seguiment de les accions del Pla. Aquest instrument permet actualitzar peri\u00f2dicament l&#8217;estat de les accions, a partir de la informaci\u00f3 compartida entre els t\u00e8cnics i agents que intervenen en l&#8217;execuci\u00f3 del Pla.<\/p>\n<p>Aquest informe de seguiment tamb\u00e9 ha estat validat per la Taula per a la Inclusi\u00f3 i la Cohesi\u00f3 Social de l&#8217;Alt Empord\u00e0.<\/p>\n<p>El<a href=\"https:\/\/inclusioaltemporda.cat\/portal\/wp-content\/uploads\/Informe-seguiment-execuci\u00f3-Pla-Juny2014_WEB.pdf\"> primer Informe de Seguiment del Pla per a la Inclusi\u00f3 el podeu consultar en aquest enlla\u00e7<\/a>.<\/p>\n","protected":false},"excerpt":{"rendered":"<p>La Comissi\u00f3 de Seguiment del Pla per a la Inclusi\u00f3 i la Cohesi\u00f3 Social de l&#8217;Alt Empord\u00e0 2013-2016 elabora el primer informe de seguiment de les accions del Pla. <\/p>\n","protected":false},"author":3,"featured_media":4623,"comment_status":"open","ping_status":"open","sticky":false,"template":"","format":"standard","meta":{"footnotes":""},"categories":[106,100,107,101,105,104,103,1,108,12,11],"tags":[],"class_list":["post-4621","post","type-post","status-publish","format-standard","has-post-thumbnail","hentry","category-administracions","category-area-benestar","category-centres-recerca-universitats","category-ciutadania","category-empreses","category-entitats-socials","category-estudiants-escoles-instituts","category-general","category-mitjans-comunicacio","category-pla-dinclusio-2","category-taula-inclusio","category-106","category-100","category-107","category-101","category-105","category-104","category-103","category-1","category-108","category-12","category-11","description-off"],"_links":{"self":[{"href":"https:\/\/inclusioaltemporda.cat\/portal\/wp-json\/wp\/v2\/posts\/4621","targetHints":{"allow":["GET"]}}],"collection":[{"href":"https:\/\/inclusioaltemporda.cat\/portal\/wp-json\/wp\/v2\/posts"}],"about":[{"href":"https:\/\/inclusioaltemporda.cat\/portal\/wp-json\/wp\/v2\/types\/post"}],"author":[{"embeddable":true,"href":"https:\/\/inclusioaltemporda.cat\/portal\/wp-json\/wp\/v2\/users\/3"}],"replies":[{"embeddable":true,"href":"https:\/\/inclusioaltemporda.cat\/portal\/wp-json\/wp\/v2\/comments?post=4621"}],"version-history":[{"count":4,"href":"https:\/\/inclusioaltemporda.cat\/portal\/wp-json\/wp\/v2\/posts\/4621\/revisions"}],"predecessor-version":[{"id":4627,"href":"https:\/\/inclusioaltemporda.cat\/portal\/wp-json\/wp\/v2\/posts\/4621\/revisions\/4627"}],"wp:featuredmedia":[{"embeddable":true,"href":"https:\/\/inclusioaltemporda.cat\/portal\/wp-json\/wp\/v2\/media\/4623"}],"wp:attachment":[{"href":"https:\/\/inclusioaltemporda.cat\/portal\/wp-json\/wp\/v2\/media?parent=4621"}],"wp:term":[{"taxonomy":"category","embeddable":true,"href":"https:\/\/inclusioaltemporda.cat\/portal\/wp-json\/wp\/v2\/categories?post=4621"},{"taxonomy":"post_tag","embeddable":true,"href":"https:\/\/inclusioaltemporda.cat\/portal\/wp-json\/wp\/v2\/tags?post=4621"}],"curies":[{"name":"wp","href":"https:\/\/api.w.org\/{rel}","templated":true}]}}