{"id":4628,"date":"2014-10-07T07:34:23","date_gmt":"2014-10-07T06:34:23","guid":{"rendered":"https:\/\/inclusioaltemporda.cat\/portal\/?p=4628"},"modified":"2014-10-07T07:34:23","modified_gmt":"2014-10-07T06:34:23","slug":"commemoracio-del-dia-internacional-de-la-gent-gran-a-figueres","status":"publish","type":"post","link":"https:\/\/inclusioaltemporda.cat\/portal\/commemoracio-del-dia-internacional-de-la-gent-gran-a-figueres\/","title":{"rendered":"Commemoraci\u00f3 del Dia Internacional de la gent gran a Figueres"},"content":{"rendered":"<p>Per commemorar el Dia Internacional de la gent gran l&#8217;Ajuntament de Figueres organitza un acte a La Catequ\u00edstica de Figueres avui dimarts a les 17:30h.<\/p>\n<p>L&#8217;acte s&#8217;iniciar\u00e0 amb una confer\u00e8ncia a c\u00e0rrec de Maite Torres i Mireia Exp\u00f3sito, mosses d&#8217;Esquadra, que porta per t\u00edtol &#8220;Petits consells per a grans persones&#8221;. Es presentaran els parcs urbans de salut i es projectar\u00e0 el v\u00eddeo de la 2a Fira de la Gent Gran que va tenir lloc el mes de juny passat.<\/p>\n<p>Per a m\u00e9s informaci\u00f3 podeu<a href=\"http:\/\/www.figueres.cat\/cat\/content\/2386\/dia-internacional-de-la-gent-gran-2014.html\"> consultar en aquest enlla\u00e7<\/a>.<\/p>\n","protected":false},"excerpt":{"rendered":"<p>Per commemorar el Dia Internacional de la gent gran l&#8217;Ajuntament de Figueres organitza un acte a La Catequ\u00edstica de Figueres avui dimarts a les 17:30h.<\/p>\n","protected":false},"author":3,"featured_media":4629,"comment_status":"open","ping_status":"open","sticky":false,"template":"","format":"standard","meta":{"footnotes":""},"categories":[106,33,101,104,1,108,11],"tags":[],"class_list":["post-4628","post","type-post","status-publish","format-standard","has-post-thumbnail","hentry","category-administracions","category-agenda","category-ciutadania","category-entitats-socials","category-general","category-mitjans-comunicacio","category-taula-inclusio","category-106","category-33","category-101","category-104","category-1","category-108","category-11","description-off"],"_links":{"self":[{"href":"https:\/\/inclusioaltemporda.cat\/portal\/wp-json\/wp\/v2\/posts\/4628","targetHints":{"allow":["GET"]}}],"collection":[{"href":"https:\/\/inclusioaltemporda.cat\/portal\/wp-json\/wp\/v2\/posts"}],"about":[{"href":"https:\/\/inclusioaltemporda.cat\/portal\/wp-json\/wp\/v2\/types\/post"}],"author":[{"embeddable":true,"href":"https:\/\/inclusioaltemporda.cat\/portal\/wp-json\/wp\/v2\/users\/3"}],"replies":[{"embeddable":true,"href":"https:\/\/inclusioaltemporda.cat\/portal\/wp-json\/wp\/v2\/comments?post=4628"}],"version-history":[{"count":2,"href":"https:\/\/inclusioaltemporda.cat\/portal\/wp-json\/wp\/v2\/posts\/4628\/revisions"}],"predecessor-version":[{"id":4631,"href":"https:\/\/inclusioaltemporda.cat\/portal\/wp-json\/wp\/v2\/posts\/4628\/revisions\/4631"}],"wp:featuredmedia":[{"embeddable":true,"href":"https:\/\/inclusioaltemporda.cat\/portal\/wp-json\/wp\/v2\/media\/4629"}],"wp:attachment":[{"href":"https:\/\/inclusioaltemporda.cat\/portal\/wp-json\/wp\/v2\/media?parent=4628"}],"wp:term":[{"taxonomy":"category","embeddable":true,"href":"https:\/\/inclusioaltemporda.cat\/portal\/wp-json\/wp\/v2\/categories?post=4628"},{"taxonomy":"post_tag","embeddable":true,"href":"https:\/\/inclusioaltemporda.cat\/portal\/wp-json\/wp\/v2\/tags?post=4628"}],"curies":[{"name":"wp","href":"https:\/\/api.w.org\/{rel}","templated":true}]}}