{"id":4639,"date":"2014-10-08T09:37:24","date_gmt":"2014-10-08T08:37:24","guid":{"rendered":"https:\/\/inclusioaltemporda.cat\/portal\/?p=4639"},"modified":"2014-10-08T09:37:24","modified_gmt":"2014-10-08T08:37:24","slug":"el-7e-congres-nacional-de-la-gent-gran-debat-avui-sobre-els-reptes-de-futur-de-les-persones-grans","status":"publish","type":"post","link":"https:\/\/inclusioaltemporda.cat\/portal\/el-7e-congres-nacional-de-la-gent-gran-debat-avui-sobre-els-reptes-de-futur-de-les-persones-grans\/","title":{"rendered":"El 7\u00e8 Congr\u00e9s Nacional de la Gent Gran debat avui sobre els reptes de futur de les persones grans"},"content":{"rendered":"<p>Avui es celebra a Sant Benet de Bages el 7\u00e8 Congr\u00e9s Nacional de la Gent Gran, coincidint amb els actes de celebraci\u00f3 del dia internacional de la gent gran. Enguany el Congr\u00e9s ser\u00e0 presidit per l&#8217;ocean\u00f2grafa Josefina Castellv\u00ed. Aquesta iniciativa de car\u00e0cter biennal est\u00e0 impulsada per la Secretaria de Fam\u00edlia del Departament de Benestar Social i Fam\u00edlia.<\/p>\n<p>Les 9 persones delegades que representaran l&#8217;Alt Empord\u00e0 al Congr\u00e9s participaran en el debat de les dues pon\u00e8ncies que s&#8217;han treballat durant la fase precongressual els darrers mesos. La primera, sota el t\u00edtol &#8220;Persona, societat i benestar&#8221;, fa una revisi\u00f3 del desenvolupament actual de la societat catalana i els nivells de benestar de la poblaci\u00f3 en general parant especial atenci\u00f3 en les persones grans. La segona, titulada &#8220;La Catalunya del futur&#8221;, s&#8217;aproxima\u00a0 des d&#8217;una perspectiva m\u00e9s \u00e0mplia a les persones grans en relaci\u00f3 amb el pa\u00eds on vivim.<\/p>\n<p>Durant la fase precongressual, que s&#8217;ha desenvolupat entre els mesos de mar\u00e7 i setembre, els delegats i delegades de l&#8217;Alt Empord\u00e0 han participat activament en el proc\u00e9s de treball que ha servit per elaborar les pon\u00e8ncies que avui es discuteixen al M\u00f3n Sant Benet. Pr\u00e8viament el conjunt de casals i associacions de la gent gran de la comarca participaren en diferents sessions informatives i en l&#8217;elecci\u00f3 dels representants de la comarca al Congr\u00e9s.<\/p>\n","protected":false},"excerpt":{"rendered":"<p>9 delegats de l&#8217;Alt Empord\u00e0 participen avui al 7\u00e8 Congr\u00e9s Nacional de la Gent Gran a Sant Benet de Bages<\/p>\n","protected":false},"author":2,"featured_media":2444,"comment_status":"open","ping_status":"open","sticky":false,"template":"","format":"standard","meta":{"footnotes":""},"categories":[106,100,101,104,1,108],"tags":[],"class_list":["post-4639","post","type-post","status-publish","format-standard","has-post-thumbnail","hentry","category-administracions","category-area-benestar","category-ciutadania","category-entitats-socials","category-general","category-mitjans-comunicacio","category-106","category-100","category-101","category-104","category-1","category-108","description-off"],"_links":{"self":[{"href":"https:\/\/inclusioaltemporda.cat\/portal\/wp-json\/wp\/v2\/posts\/4639","targetHints":{"allow":["GET"]}}],"collection":[{"href":"https:\/\/inclusioaltemporda.cat\/portal\/wp-json\/wp\/v2\/posts"}],"about":[{"href":"https:\/\/inclusioaltemporda.cat\/portal\/wp-json\/wp\/v2\/types\/post"}],"author":[{"embeddable":true,"href":"https:\/\/inclusioaltemporda.cat\/portal\/wp-json\/wp\/v2\/users\/2"}],"replies":[{"embeddable":true,"href":"https:\/\/inclusioaltemporda.cat\/portal\/wp-json\/wp\/v2\/comments?post=4639"}],"version-history":[{"count":1,"href":"https:\/\/inclusioaltemporda.cat\/portal\/wp-json\/wp\/v2\/posts\/4639\/revisions"}],"predecessor-version":[{"id":4640,"href":"https:\/\/inclusioaltemporda.cat\/portal\/wp-json\/wp\/v2\/posts\/4639\/revisions\/4640"}],"wp:featuredmedia":[{"embeddable":true,"href":"https:\/\/inclusioaltemporda.cat\/portal\/wp-json\/wp\/v2\/media\/2444"}],"wp:attachment":[{"href":"https:\/\/inclusioaltemporda.cat\/portal\/wp-json\/wp\/v2\/media?parent=4639"}],"wp:term":[{"taxonomy":"category","embeddable":true,"href":"https:\/\/inclusioaltemporda.cat\/portal\/wp-json\/wp\/v2\/categories?post=4639"},{"taxonomy":"post_tag","embeddable":true,"href":"https:\/\/inclusioaltemporda.cat\/portal\/wp-json\/wp\/v2\/tags?post=4639"}],"curies":[{"name":"wp","href":"https:\/\/api.w.org\/{rel}","templated":true}]}}