{"id":4641,"date":"2014-10-09T08:06:53","date_gmt":"2014-10-09T07:06:53","guid":{"rendered":"https:\/\/inclusioaltemporda.cat\/portal\/?p=4641"},"modified":"2014-10-09T08:06:53","modified_gmt":"2014-10-09T07:06:53","slug":"avui-es-celebra-la-7a-trobada-de-la-gent-gran-de-lalt-emporda-a-vilafant","status":"publish","type":"post","link":"https:\/\/inclusioaltemporda.cat\/portal\/avui-es-celebra-la-7a-trobada-de-la-gent-gran-de-lalt-emporda-a-vilafant\/","title":{"rendered":"Avui es celebra la 7a Trobada de la Gent Gran de l&#8217;Alt Empord\u00e0 a Vilafant"},"content":{"rendered":"<p>El Consell Consultiu de la Gent Gran de l\u2019Alt Empord\u00e0 i l&#8217;Ajuntament de Vilafant organitzen avui la 7a Trobada d\u2019Entitats i Casals de la Gent Gran de la comarca. La trobada, que se celebrar\u00e0 al Pavell\u00f3 poliesportiu municipal, comptar\u00e0 amb la participaci\u00f3 d&#8217;unes 550 persones, procedents de 18 casals de la gent gran altempordanesos.<\/p>\n<p>El programa previst per a la trobada comen\u00e7ar\u00e0 a les 13 hores amb una audici\u00f3 de sardanes a c\u00e0rrec de la cobla Foment del Montgr\u00ed. A continuaci\u00f3 es far\u00e0 el dinar de germanor i la festa es clour\u00e0 amb un ball amenitzat pel Duet Andreu.<\/p>\n<p>A l&#8217;acte institucional de la Trobada, que servir\u00e0 per commemorar les celebracions del dia internacional de la Gent Gran, hi intervindran representants de les institucions organitzadores i del Departament de Benestar Social i Fam\u00edlia.<\/p>\n","protected":false},"excerpt":{"rendered":"<p>El municipi altempordan\u00e8s acollir\u00e0 m\u00e9s de 500 persones procedents de 18 casals i associacions de la gent gran<\/p>\n","protected":false},"author":2,"featured_media":2496,"comment_status":"open","ping_status":"open","sticky":false,"template":"","format":"standard","meta":{"footnotes":""},"categories":[106,100,101,104,1,108],"tags":[],"class_list":["post-4641","post","type-post","status-publish","format-standard","has-post-thumbnail","hentry","category-administracions","category-area-benestar","category-ciutadania","category-entitats-socials","category-general","category-mitjans-comunicacio","category-106","category-100","category-101","category-104","category-1","category-108","description-off"],"_links":{"self":[{"href":"https:\/\/inclusioaltemporda.cat\/portal\/wp-json\/wp\/v2\/posts\/4641","targetHints":{"allow":["GET"]}}],"collection":[{"href":"https:\/\/inclusioaltemporda.cat\/portal\/wp-json\/wp\/v2\/posts"}],"about":[{"href":"https:\/\/inclusioaltemporda.cat\/portal\/wp-json\/wp\/v2\/types\/post"}],"author":[{"embeddable":true,"href":"https:\/\/inclusioaltemporda.cat\/portal\/wp-json\/wp\/v2\/users\/2"}],"replies":[{"embeddable":true,"href":"https:\/\/inclusioaltemporda.cat\/portal\/wp-json\/wp\/v2\/comments?post=4641"}],"version-history":[{"count":2,"href":"https:\/\/inclusioaltemporda.cat\/portal\/wp-json\/wp\/v2\/posts\/4641\/revisions"}],"predecessor-version":[{"id":4643,"href":"https:\/\/inclusioaltemporda.cat\/portal\/wp-json\/wp\/v2\/posts\/4641\/revisions\/4643"}],"wp:featuredmedia":[{"embeddable":true,"href":"https:\/\/inclusioaltemporda.cat\/portal\/wp-json\/wp\/v2\/media\/2496"}],"wp:attachment":[{"href":"https:\/\/inclusioaltemporda.cat\/portal\/wp-json\/wp\/v2\/media?parent=4641"}],"wp:term":[{"taxonomy":"category","embeddable":true,"href":"https:\/\/inclusioaltemporda.cat\/portal\/wp-json\/wp\/v2\/categories?post=4641"},{"taxonomy":"post_tag","embeddable":true,"href":"https:\/\/inclusioaltemporda.cat\/portal\/wp-json\/wp\/v2\/tags?post=4641"}],"curies":[{"name":"wp","href":"https:\/\/api.w.org\/{rel}","templated":true}]}}