{"id":4644,"date":"2014-10-13T09:30:05","date_gmt":"2014-10-13T08:30:05","guid":{"rendered":"https:\/\/inclusioaltemporda.cat\/portal\/?p=4644"},"modified":"2014-10-13T09:30:05","modified_gmt":"2014-10-13T08:30:05","slug":"edicio-de-tardor-dels-tallers-de-memoria","status":"publish","type":"post","link":"https:\/\/inclusioaltemporda.cat\/portal\/edicio-de-tardor-dels-tallers-de-memoria\/","title":{"rendered":"Edici\u00f3 de tardor dels Tallers de mem\u00f2ria"},"content":{"rendered":"<p>Des de la darrera setmana del mes de setembre s&#8217;ha posat en marxa l\u2019edici\u00f3 de tardor dels Tallers de Mem\u00f2ria i els Tallers de Gimn\u00e0s per a gent gran a diferents municipis de la comarca.<\/p>\n<p>Aquests tallers, promoguts i impartits per professionals de l\u2019\u00e0rea de Benestar del Consell Comarcal tenen com a finalitat promoure un envelliment actiu de la poblaci\u00f3 de la comarca.<\/p>\n<p>Els tallers s\u2019adrecen a les persones de m\u00e9s de 65 anys i es fan en els municipis que han sol\u00b7licitat aquesta activitat mitjan\u00e7ant el seu ajuntament. La finalitat d\u2019aquestes activitats \u00e9s treballar de forma \u00edntegra l\u2019estimulaci\u00f3 de les capacitats f\u00edsiques i mentals de les persones grans.<\/p>\n<p>El Taller de Mem\u00f2ria facilita un entrenament de les capacitats que intervenen en la mem\u00f2ria i altres facultats mentals associades. Aquesta activitat consta de diferents sessions d\u2019una hora setmanal.<\/p>\n<p>El Taller de Gimn\u00e0s t\u00e9 com a finalitat mantenir la forma f\u00edsica i promoure un envelliment saludable. Les activitats programades permeten mantenir i millorar les capacitats f\u00edsiques, treballar la mobilitat, la for\u00e7a, la flexibilitat, la coordinaci\u00f3, l\u2019equilibri i la respiraci\u00f3. El Taller tamb\u00e9 facilita t\u00e8cniques de relaxaci\u00f3 i bons h\u00e0bits per prevenir lesions. El Taller es duu a terme en diferents sessions d\u2019una hora setmanal.<\/p>\n<p>Aquesta primavera es faran 29 Tallers de Mem\u00f2ria als municipis seg\u00fcents: Darnius, Biure, Boadella, Torroella de Fluvi\u00e0, Cantallops, La Jonquera, Sant Llogaia d&#8217;\u00c0lguema, Navata, Vilafant, Llers, Terrades, Albany\u00e0, Masarac, Mollet de Peralada, Sant Climent Sescebes, L&#8217;Escala, Cadaqu\u00e9s, Colera, Llan\u00e7\u00e0, Vila-sacra, El Far d&#8217;Empord\u00e0, Rab\u00f3s, Pau, Peralada, Vilamalla, Roses, i Llad\u00f3<\/p>\n<p>Tamb\u00e9 s\u2019han programat 9 Tallers de Gimn\u00e0s als municipis seg\u00fcents: Capmany, Sant Lloren\u00e7 de la Muga, Torroella de Fluvi\u00e0, Far d&#8217;Empord\u00e0, Palau de Sant Eul\u00e0lia, Cadaqu\u00e9s, Selva de Mar, Colera i Forti\u00e0.<\/p>\n<p>Si teniu inter\u00e8s a participar en algun d\u2019aquests Tallers, <a href=\"https:\/\/inclusioaltemporda.cat\/portal\/wp-content\/uploads\/Tallers-mem%C3%B2ria_tardor2014.pdf\">podeu consultar municipis i horaris en aquest enlla\u00e7<\/a><\/p>\n","protected":false},"excerpt":{"rendered":"<p>Des de la darrera setmana del mes de setembre s&#8217;ha posat en marxa l\u2019edici\u00f3 de tardor dels Tallers de Mem\u00f2ria i els Tallers de Gimn\u00e0s per a gent gran a diferents municipis de la comarca.<\/p>\n","protected":false},"author":2,"featured_media":2445,"comment_status":"open","ping_status":"open","sticky":false,"template":"","format":"standard","meta":{"footnotes":""},"categories":[106,33,100,101,1,108,102],"tags":[],"class_list":["post-4644","post","type-post","status-publish","format-standard","has-post-thumbnail","hentry","category-administracions","category-agenda","category-area-benestar","category-ciutadania","category-general","category-mitjans-comunicacio","category-professionals-ambit-social","category-106","category-33","category-100","category-101","category-1","category-108","category-102","description-off"],"_links":{"self":[{"href":"https:\/\/inclusioaltemporda.cat\/portal\/wp-json\/wp\/v2\/posts\/4644","targetHints":{"allow":["GET"]}}],"collection":[{"href":"https:\/\/inclusioaltemporda.cat\/portal\/wp-json\/wp\/v2\/posts"}],"about":[{"href":"https:\/\/inclusioaltemporda.cat\/portal\/wp-json\/wp\/v2\/types\/post"}],"author":[{"embeddable":true,"href":"https:\/\/inclusioaltemporda.cat\/portal\/wp-json\/wp\/v2\/users\/2"}],"replies":[{"embeddable":true,"href":"https:\/\/inclusioaltemporda.cat\/portal\/wp-json\/wp\/v2\/comments?post=4644"}],"version-history":[{"count":2,"href":"https:\/\/inclusioaltemporda.cat\/portal\/wp-json\/wp\/v2\/posts\/4644\/revisions"}],"predecessor-version":[{"id":4647,"href":"https:\/\/inclusioaltemporda.cat\/portal\/wp-json\/wp\/v2\/posts\/4644\/revisions\/4647"}],"wp:featuredmedia":[{"embeddable":true,"href":"https:\/\/inclusioaltemporda.cat\/portal\/wp-json\/wp\/v2\/media\/2445"}],"wp:attachment":[{"href":"https:\/\/inclusioaltemporda.cat\/portal\/wp-json\/wp\/v2\/media?parent=4644"}],"wp:term":[{"taxonomy":"category","embeddable":true,"href":"https:\/\/inclusioaltemporda.cat\/portal\/wp-json\/wp\/v2\/categories?post=4644"},{"taxonomy":"post_tag","embeddable":true,"href":"https:\/\/inclusioaltemporda.cat\/portal\/wp-json\/wp\/v2\/tags?post=4644"}],"curies":[{"name":"wp","href":"https:\/\/api.w.org\/{rel}","templated":true}]}}