{"id":4649,"date":"2014-10-14T07:42:11","date_gmt":"2014-10-14T06:42:11","guid":{"rendered":"https:\/\/inclusioaltemporda.cat\/portal\/?p=4649"},"modified":"2014-10-16T11:35:45","modified_gmt":"2014-10-16T10:35:45","slug":"5a-trobada-dentitats-juvenils-de-lalt-emporda","status":"publish","type":"post","link":"https:\/\/inclusioaltemporda.cat\/portal\/5a-trobada-dentitats-juvenils-de-lalt-emporda\/","title":{"rendered":"5a trobada d&#8217;entitats juvenils de l&#8217;Alt Empord\u00e0"},"content":{"rendered":"<p>El proper dissabte 18 d&#8217;octubre tindr\u00e0 lloc a Castell\u00f3 d&#8217;Emp\u00faries la 5a edici\u00f3 de la trobada d&#8217;entitats juvenils de l&#8217;Alt Empord\u00e0 en la qual hi participaran prop de 20 entitats de la comarca.<\/p>\n<p>La trobada, promoguda per l&#8217;\u00e0rea de Joventut del Consell Comarcal, ha estat dissenyada a partir d&#8217;un proc\u00e9s participatiu amb les entitats que han acordat els tallers i activitats que es portaran a terme.<\/p>\n<p>Els objectius de la trobada s\u00f3n promoure l&#8217;intercanvi i la xarxa entre les diferents entitats juvenils aix\u00ed com fomentar la participaci\u00f3 i l&#8217;associacionisme dels joves. Podeu consultar les<a href=\"https:\/\/inclusioaltemporda.cat\/portal\/wp-content\/uploads\/fira_entitats_2.jpg\"> activitats programades en aquest enlla\u00e7<\/a>.<\/p>\n","protected":false},"excerpt":{"rendered":"<p>El proper dissabte 18 d&#8217;octubre tindr\u00e0 lloc a Castell\u00f3 d&#8217;Emp\u00faries la 5a edici\u00f3 de la trobada d&#8217;entitats juvenils de l&#8217;Alt Empord\u00e0 en la qual hi participaran prop de 20 entitats de la comarca<\/p>\n","protected":false},"author":3,"featured_media":4652,"comment_status":"open","ping_status":"open","sticky":false,"template":"","format":"standard","meta":{"footnotes":""},"categories":[33,101,105,104,103,1,108,11],"tags":[],"class_list":["post-4649","post","type-post","status-publish","format-standard","has-post-thumbnail","hentry","category-agenda","category-ciutadania","category-empreses","category-entitats-socials","category-estudiants-escoles-instituts","category-general","category-mitjans-comunicacio","category-taula-inclusio","category-33","category-101","category-105","category-104","category-103","category-1","category-108","category-11","description-off"],"_links":{"self":[{"href":"https:\/\/inclusioaltemporda.cat\/portal\/wp-json\/wp\/v2\/posts\/4649","targetHints":{"allow":["GET"]}}],"collection":[{"href":"https:\/\/inclusioaltemporda.cat\/portal\/wp-json\/wp\/v2\/posts"}],"about":[{"href":"https:\/\/inclusioaltemporda.cat\/portal\/wp-json\/wp\/v2\/types\/post"}],"author":[{"embeddable":true,"href":"https:\/\/inclusioaltemporda.cat\/portal\/wp-json\/wp\/v2\/users\/3"}],"replies":[{"embeddable":true,"href":"https:\/\/inclusioaltemporda.cat\/portal\/wp-json\/wp\/v2\/comments?post=4649"}],"version-history":[{"count":3,"href":"https:\/\/inclusioaltemporda.cat\/portal\/wp-json\/wp\/v2\/posts\/4649\/revisions"}],"predecessor-version":[{"id":4658,"href":"https:\/\/inclusioaltemporda.cat\/portal\/wp-json\/wp\/v2\/posts\/4649\/revisions\/4658"}],"wp:featuredmedia":[{"embeddable":true,"href":"https:\/\/inclusioaltemporda.cat\/portal\/wp-json\/wp\/v2\/media\/4652"}],"wp:attachment":[{"href":"https:\/\/inclusioaltemporda.cat\/portal\/wp-json\/wp\/v2\/media?parent=4649"}],"wp:term":[{"taxonomy":"category","embeddable":true,"href":"https:\/\/inclusioaltemporda.cat\/portal\/wp-json\/wp\/v2\/categories?post=4649"},{"taxonomy":"post_tag","embeddable":true,"href":"https:\/\/inclusioaltemporda.cat\/portal\/wp-json\/wp\/v2\/tags?post=4649"}],"curies":[{"name":"wp","href":"https:\/\/api.w.org\/{rel}","templated":true}]}}