{"id":4655,"date":"2014-10-16T11:33:58","date_gmt":"2014-10-16T10:33:58","guid":{"rendered":"https:\/\/inclusioaltemporda.cat\/portal\/?p=4655"},"modified":"2014-10-16T11:33:58","modified_gmt":"2014-10-16T10:33:58","slug":"memoria-2013-de-larea-de-benestar-del-consell-comarcal","status":"publish","type":"post","link":"https:\/\/inclusioaltemporda.cat\/portal\/memoria-2013-de-larea-de-benestar-del-consell-comarcal\/","title":{"rendered":"Mem\u00f2ria 2013 de l&#8217;\u00c0rea de Benestar del Consell Comarcal"},"content":{"rendered":"<p>Ja es pot consultar la mem\u00f2ria anual d&#8217;activitats de l&#8217;any 2013 de l&#8217;\u00c0rea de Benestar Social del Consell Comarcal, document que publica anualment des de l&#8217;any 2004 amb l&#8217;objectiu de facilitar informaci\u00f3 sobre l&#8217;activitat de l&#8217;\u00e0rea a la ciutadania i als diversos agents de la comarca, tot refor\u00e7ant els principis de transpar\u00e8ncia, accessibilitat, participaci\u00f3 i rendiment de comptes de l&#8217;administraci\u00f3 comarcal.<\/p>\n<p>L&#8217;Alt Empord\u00e0 t\u00e9 una poblaci\u00f3 estabilitzada al voltant dels 140.000 habitants des de l&#8217;any 2010. L&#8217;any passat Un 18 % de la poblaci\u00f3 era major de 65 anys i un 28% de la poblaci\u00f3 era d&#8217;origen estranger. En aquest context, cal destacar com mentre que l&#8217;any 2004 la poblaci\u00f3 atesa pels serveis socials b\u00e0sics representava el 5,7% del total de la comarca, l&#8217;any 2013 la poblaci\u00f3 atesa ha estat el 11%.<\/p>\n<p>L&#8217;\u00c0rea de Benestar compta amb un equip de 62 persones i amb una xarxa d&#8217;entitats socials i agents del tercer sector que, des des les seves diverses responsabilitats, fan una atenci\u00f3 personal di\u00e0ria a un nombre important de ciutadans i ciutadanes de la comarca que requereixen suport i acompanyament.<\/p>\n<p>La Mem\u00f2ria presenta la informaci\u00f3 en 10 cap\u00edtols que faciliten la lectura dels resultats dels diferents serveis i de les activitats desplegades al llarg dels darrers anys i compta amb un cap\u00edtol final que resumeix les dades m\u00e9s rellevants de l&#8217;any 2013. Aquesta fa una an\u00e0lisi comparada dels resultats de l&#8217;any 2012 amb els dels anys 2004, 2008, 2011 i 2012. La informaci\u00f3 del darrer exercici es presenta tot fent una comparativa amb els 9 anys anteriors, per tal de copsar adequadament l&#8217;evoluci\u00f3 dels serveis en aquest per\u00edode.<\/p>\n<p>La mem\u00f2ria 2013 es pot consultar en l\u00ednia en <a href=\"http:\/\/www.altemporda.org\/portal\/attachments\/article\/1481\/BENESTAR%20SOCIAL%20MEMORIA.pdf\">aquest enlla\u00e7<\/a>. Tamb\u00e9 podeu consultar un resum gr\u00e0fic de les principals dades de la mem\u00f2ria 2013 en <a href=\"https:\/\/inclusioaltemporda.cat\/portal\/wp-content\/uploads\/Infografia-dades-b%C3%A0siques-definitiu-2013.pdf\">aquest altre enlla\u00e7<\/a>.<\/p>\n","protected":false},"excerpt":{"rendered":"<p>Ja es pot consultar la mem\u00f2ria anual d&#8217;activitats de l&#8217;any 2013 de l&#8217;\u00c0rea de Benestar Social del Consell Comarcal<\/p>\n","protected":false},"author":2,"featured_media":4623,"comment_status":"open","ping_status":"open","sticky":false,"template":"","format":"standard","meta":{"footnotes":""},"categories":[106,100,107,101,105,104,103,1,108,13,12,102],"tags":[],"class_list":["post-4655","post","type-post","status-publish","format-standard","has-post-thumbnail","hentry","category-administracions","category-area-benestar","category-centres-recerca-universitats","category-ciutadania","category-empreses","category-entitats-socials","category-estudiants-escoles-instituts","category-general","category-mitjans-comunicacio","category-observatori-inclusio-social-alt-emporda","category-pla-dinclusio-2","category-professionals-ambit-social","category-106","category-100","category-107","category-101","category-105","category-104","category-103","category-1","category-108","category-13","category-12","category-102","description-off"],"_links":{"self":[{"href":"https:\/\/inclusioaltemporda.cat\/portal\/wp-json\/wp\/v2\/posts\/4655","targetHints":{"allow":["GET"]}}],"collection":[{"href":"https:\/\/inclusioaltemporda.cat\/portal\/wp-json\/wp\/v2\/posts"}],"about":[{"href":"https:\/\/inclusioaltemporda.cat\/portal\/wp-json\/wp\/v2\/types\/post"}],"author":[{"embeddable":true,"href":"https:\/\/inclusioaltemporda.cat\/portal\/wp-json\/wp\/v2\/users\/2"}],"replies":[{"embeddable":true,"href":"https:\/\/inclusioaltemporda.cat\/portal\/wp-json\/wp\/v2\/comments?post=4655"}],"version-history":[{"count":1,"href":"https:\/\/inclusioaltemporda.cat\/portal\/wp-json\/wp\/v2\/posts\/4655\/revisions"}],"predecessor-version":[{"id":4657,"href":"https:\/\/inclusioaltemporda.cat\/portal\/wp-json\/wp\/v2\/posts\/4655\/revisions\/4657"}],"wp:featuredmedia":[{"embeddable":true,"href":"https:\/\/inclusioaltemporda.cat\/portal\/wp-json\/wp\/v2\/media\/4623"}],"wp:attachment":[{"href":"https:\/\/inclusioaltemporda.cat\/portal\/wp-json\/wp\/v2\/media?parent=4655"}],"wp:term":[{"taxonomy":"category","embeddable":true,"href":"https:\/\/inclusioaltemporda.cat\/portal\/wp-json\/wp\/v2\/categories?post=4655"},{"taxonomy":"post_tag","embeddable":true,"href":"https:\/\/inclusioaltemporda.cat\/portal\/wp-json\/wp\/v2\/tags?post=4655"}],"curies":[{"name":"wp","href":"https:\/\/api.w.org\/{rel}","templated":true}]}}