{"id":4659,"date":"2014-10-20T08:31:56","date_gmt":"2014-10-20T07:31:56","guid":{"rendered":"https:\/\/inclusioaltemporda.cat\/portal\/?p=4659"},"modified":"2014-10-20T08:34:03","modified_gmt":"2014-10-20T07:34:03","slug":"cronica-del-7e-congres-nacional-de-la-gent-gran","status":"publish","type":"post","link":"https:\/\/inclusioaltemporda.cat\/portal\/cronica-del-7e-congres-nacional-de-la-gent-gran\/","title":{"rendered":"Cr\u00f2nica del 7\u00e8 Congr\u00e9s Nacional de la Gent Gran"},"content":{"rendered":"<p>El proppassat dia 8 d\u2019Octubre, a Sant Benet de Bages, es va celebrar el <a href=\"El%20proppassat dia 8 d\u2019Octubre,  a Sant Benet de Bages,  es va celebrar el 7\u00e8 Congr\u00e9s Nacional  de la Gent Gran de Catalunya, on hi vam assistir 9 delegats de la comarca, en representaci\u00f3 de tota la gent gran de l\u2019Alt Empord\u00e0.  \u00c9rem quasi  500 delegats de tot Catalunya,  i es va concloure el debat que al llarg de m\u00e9s de 7 mesos hem mantingut per la redacci\u00f3 i aprovaci\u00f3 final al Congr\u00e9s, de dues pon\u00e8ncies. La Pon\u00e8ncia A \u201cPERSONA, SOCIETAT I BENESTAR\u201d I pon\u00e8ncia B \u201cLA CATALUNYA DEL FUTUR\u201d. \" target=\"_blank\">7\u00e8 Congr\u00e9s Nacional de la Gent Gran de Catalunya<\/a>, on hi vam assistir 9 delegats de la comarca, en representaci\u00f3 de tota la gent gran de l\u2019Alt Empord\u00e0. \u00c9rem quasi 500 delegats de tot Catalunya, i es va concloure el debat que al llarg de m\u00e9s de 7 mesos hem mantingut per la redacci\u00f3 i aprovaci\u00f3 final al Congr\u00e9s, de dues pon\u00e8ncies. La Pon\u00e8ncia A \u201cPERSONA, SOCIETAT I BENESTAR\u201d I pon\u00e8ncia B \u201cLA CATALUNYA DEL FUTUR\u201d.<\/p>\n<p>Si vols llegir l&#8217;article sencer ho podr\u00e0s fer en <a href=\"https:\/\/inclusioaltemporda.cat\/portal\/wp-content\/uploads\/Cronica-7e-Congres-Gent-Gran_Jordi-Cabezas.pdf\">aquest enlla\u00e7<\/a>.<\/p>\n<p>&nbsp;<\/p>\n","protected":false},"excerpt":{"rendered":"<p>En aquest article Jordi Cabezas i Llobet, Vicepresident del Consell Consultiu de la Gent Gran de l&#8217;Alt Empord\u00e0, reflexiona entorn les principals conclusions del Congr\u00e9s<\/p>\n","protected":false},"author":2,"featured_media":1481,"comment_status":"open","ping_status":"open","sticky":false,"template":"","format":"standard","meta":{"footnotes":""},"categories":[106,100,101,1,108,11],"tags":[],"class_list":["post-4659","post","type-post","status-publish","format-standard","has-post-thumbnail","hentry","category-administracions","category-area-benestar","category-ciutadania","category-general","category-mitjans-comunicacio","category-taula-inclusio","category-106","category-100","category-101","category-1","category-108","category-11","description-off"],"_links":{"self":[{"href":"https:\/\/inclusioaltemporda.cat\/portal\/wp-json\/wp\/v2\/posts\/4659","targetHints":{"allow":["GET"]}}],"collection":[{"href":"https:\/\/inclusioaltemporda.cat\/portal\/wp-json\/wp\/v2\/posts"}],"about":[{"href":"https:\/\/inclusioaltemporda.cat\/portal\/wp-json\/wp\/v2\/types\/post"}],"author":[{"embeddable":true,"href":"https:\/\/inclusioaltemporda.cat\/portal\/wp-json\/wp\/v2\/users\/2"}],"replies":[{"embeddable":true,"href":"https:\/\/inclusioaltemporda.cat\/portal\/wp-json\/wp\/v2\/comments?post=4659"}],"version-history":[{"count":4,"href":"https:\/\/inclusioaltemporda.cat\/portal\/wp-json\/wp\/v2\/posts\/4659\/revisions"}],"predecessor-version":[{"id":4664,"href":"https:\/\/inclusioaltemporda.cat\/portal\/wp-json\/wp\/v2\/posts\/4659\/revisions\/4664"}],"wp:featuredmedia":[{"embeddable":true,"href":"https:\/\/inclusioaltemporda.cat\/portal\/wp-json\/wp\/v2\/media\/1481"}],"wp:attachment":[{"href":"https:\/\/inclusioaltemporda.cat\/portal\/wp-json\/wp\/v2\/media?parent=4659"}],"wp:term":[{"taxonomy":"category","embeddable":true,"href":"https:\/\/inclusioaltemporda.cat\/portal\/wp-json\/wp\/v2\/categories?post=4659"},{"taxonomy":"post_tag","embeddable":true,"href":"https:\/\/inclusioaltemporda.cat\/portal\/wp-json\/wp\/v2\/tags?post=4659"}],"curies":[{"name":"wp","href":"https:\/\/api.w.org\/{rel}","templated":true}]}}