{"id":4665,"date":"2014-10-21T17:22:39","date_gmt":"2014-10-21T16:22:39","guid":{"rendered":"https:\/\/inclusioaltemporda.cat\/portal\/?p=4665"},"modified":"2014-10-21T17:22:39","modified_gmt":"2014-10-21T16:22:39","slug":"primera-edicio-del-congres-de-serveis-socials-basics","status":"publish","type":"post","link":"https:\/\/inclusioaltemporda.cat\/portal\/primera-edicio-del-congres-de-serveis-socials-basics\/","title":{"rendered":"Primera edici\u00f3 del Congr\u00e9s de Serveis Socials B\u00e0sics"},"content":{"rendered":"<p>A partir de dem\u00e0 i fins divendres el recinte <a href=\"http:\/\/fabraicoats.bcn.cat\/\" target=\"_blank\">Fabra i Coats de Barcelona<\/a> acollir\u00e0 la primera edici\u00f3 del Congr\u00e9s de Serveis Socials B\u00e0sics, que sota el lema &#8220;Vides en crisi(s). \u00c8tica, recerca i creativitat. Transformem el present, construint el futur&#8221;, reunir\u00e0 professionals que treballen en l&#8217;\u00e0mbit de l&#8217;atenci\u00f3 social de tot el pa\u00eds. Aquesta primera edici\u00f3 est\u00e0 organitzada pels <a href=\"http:\/\/www.ceesc.org\" target=\"_blank\">Col\u00b7legi d\u2019Educadores i Educadors \u00a0Socials de Catalunya<\/a>, <a href=\"http:\/\/www.tscat.cat\" target=\"_blank\">Col\u00b7legi Oficial de Treball Social de Catalunya<\/a> i <a href=\"http:\/\/www.copc.cat\" target=\"_blank\">Col\u00b7legi Oficial de Psic\u00f2legs de Catalunya.<\/a><\/p>\n<p>El <a href=\"https:\/\/inclusioaltemporda.cat\/portal\/wp-content\/uploads\/Programa_definitiu.pdf\">programa d&#8217;aquest primer Congr\u00e9s<\/a> centrar\u00e0 l&#8217;atenci\u00f3 en el paper dels dilemes \u00e8tics en la pr\u00e0ctica quotidiana dels serveis socials b\u00e0sics, i en el repte que suposa la relaci\u00f3 entre la investigaci\u00f3 i la intervenci\u00f3 social desplegada des de les \u00e0rees d&#8217;atenci\u00f3 social prim\u00e0ria. Ambdues q\u00fcestions seran abordades durant els tres dies del Congr\u00e9s a trav\u00e9s de diferents espais de treball de car\u00e0cter m\u00e9s te\u00f2ric i aplicat dirigits per professionals i acad\u00e8mics d\u2019\u00e0mbits diversos com ara l\u2019economia, la sociologia o el dret, aix\u00ed com professionals de l&#8217;\u00e0mbit social.<\/p>\n<p>L&#8217;\u00c0rea de Benestar social del Consell Comarcal de l&#8217;Alt Empord\u00e0 participar\u00e0 en aquesta edici\u00f3 del Congr\u00e9s amb la presentaci\u00f3 de l&#8217;<a href=\"https:\/\/inclusioaltemporda.cat\/portal\/en-marxa-una-nova-edicio-de-lespai-de-formacio-per-a-families\/\">Espai de formaci\u00f3 per a Fam\u00edlies<\/a>, en l&#8217;ESPAI 15 de presentacions visuals de la tasca dels professionals que se celebrar\u00e0 el dia 23 d&#8217;octubre de 12:30 a 13:30h.<\/p>\n<p>Podreu seguir l&#8217;activitat del primer Congr\u00e9s de Serveis Socials B\u00e0sics a trav\u00e9s del <a href=\"https:\/\/twitter.com\/hashtag\/CSSB14\">hashtag #CSSB14<\/a>. Tamb\u00e9 podeu seguir la participaci\u00f3 de la delegaci\u00f3 de l&#8217;Alt Empord\u00e0 a trav\u00e9s del compte de <a href=\"https:\/\/twitter.com\/AEmpordainclou\">twitter @AEmpordainclou<\/a>.<\/p>\n<p>&nbsp;<\/p>\n","protected":false},"excerpt":{"rendered":"<p>Una delegaci\u00f3 del Consell Comarcal de l&#8217;Alt Empord\u00e0 participar\u00e0 en els debats que tindran lloc al Congr\u00e9s durant els propers tres dies <\/p>\n","protected":false},"author":2,"featured_media":4669,"comment_status":"open","ping_status":"open","sticky":false,"template":"","format":"standard","meta":{"footnotes":""},"categories":[106,33,100,107,101,104,103,1,108,12,102],"tags":[],"class_list":["post-4665","post","type-post","status-publish","format-standard","has-post-thumbnail","hentry","category-administracions","category-agenda","category-area-benestar","category-centres-recerca-universitats","category-ciutadania","category-entitats-socials","category-estudiants-escoles-instituts","category-general","category-mitjans-comunicacio","category-pla-dinclusio-2","category-professionals-ambit-social","category-106","category-33","category-100","category-107","category-101","category-104","category-103","category-1","category-108","category-12","category-102","description-off"],"_links":{"self":[{"href":"https:\/\/inclusioaltemporda.cat\/portal\/wp-json\/wp\/v2\/posts\/4665","targetHints":{"allow":["GET"]}}],"collection":[{"href":"https:\/\/inclusioaltemporda.cat\/portal\/wp-json\/wp\/v2\/posts"}],"about":[{"href":"https:\/\/inclusioaltemporda.cat\/portal\/wp-json\/wp\/v2\/types\/post"}],"author":[{"embeddable":true,"href":"https:\/\/inclusioaltemporda.cat\/portal\/wp-json\/wp\/v2\/users\/2"}],"replies":[{"embeddable":true,"href":"https:\/\/inclusioaltemporda.cat\/portal\/wp-json\/wp\/v2\/comments?post=4665"}],"version-history":[{"count":5,"href":"https:\/\/inclusioaltemporda.cat\/portal\/wp-json\/wp\/v2\/posts\/4665\/revisions"}],"predecessor-version":[{"id":4672,"href":"https:\/\/inclusioaltemporda.cat\/portal\/wp-json\/wp\/v2\/posts\/4665\/revisions\/4672"}],"wp:featuredmedia":[{"embeddable":true,"href":"https:\/\/inclusioaltemporda.cat\/portal\/wp-json\/wp\/v2\/media\/4669"}],"wp:attachment":[{"href":"https:\/\/inclusioaltemporda.cat\/portal\/wp-json\/wp\/v2\/media?parent=4665"}],"wp:term":[{"taxonomy":"category","embeddable":true,"href":"https:\/\/inclusioaltemporda.cat\/portal\/wp-json\/wp\/v2\/categories?post=4665"},{"taxonomy":"post_tag","embeddable":true,"href":"https:\/\/inclusioaltemporda.cat\/portal\/wp-json\/wp\/v2\/tags?post=4665"}],"curies":[{"name":"wp","href":"https:\/\/api.w.org\/{rel}","templated":true}]}}