{"id":4679,"date":"2014-10-27T09:14:05","date_gmt":"2014-10-27T08:14:05","guid":{"rendered":"https:\/\/inclusioaltemporda.cat\/portal\/?p=4679"},"modified":"2014-10-27T09:14:36","modified_gmt":"2014-10-27T08:14:36","slug":"consulta-online-la-versio-en-angles-de-la-publicacio-mirades-plurals","status":"publish","type":"post","link":"https:\/\/inclusioaltemporda.cat\/portal\/consulta-online-la-versio-en-angles-de-la-publicacio-mirades-plurals\/","title":{"rendered":"Consulta online la versi\u00f3 en angl\u00e8s de la publicaci\u00f3 &#8220;Mirades Plurals&#8221;"},"content":{"rendered":"<p>Ja es pot consultar i descarregar online la versi\u00f3 en angl\u00e8s de la publicaci\u00f3 &#8220;Mirades plurals. La Gesti\u00f3 de la diversitat a l&#8217;Alt Empord\u00e0&#8221;.<\/p>\n<p>La publicaci\u00f3 &#8220;Mirades plurals. La Gesti\u00f3 de la diversitat a l&#8217;Alt Empord\u00e0&#8221;, que forma part de la transfer\u00e8ncia de bona pr\u00e0ctica entre l&#8217;Ajuntament de Nieuwegen i el Consell Comarcal, en el marc del projecte Labour Plus, presenta diferents projectes i estrat\u00e8gies sobre la gesti\u00f3 de la diversitat a Catalunya i Holanda, centrant especial atenci\u00f3 en 8 projectes desenvolupats per diferents agents p\u00fablics i privats a l&#8217;Alt Empord\u00e0. Aquests s\u00f3n: l&#8217;Institut p\u00fablic de La Jonquera; el Servei Jove de l&#8217;Ajuntament de Castell\u00f3 d&#8217;Emp\u00faries, els serveis socials b\u00e0sics del Consell Comarcal, l&#8217;\u00c0rea de Ginecologia i Pediatria de l&#8217;Hospital de Figueres, el Festival Ingr\u00e0vid de Cultura Contempor\u00e0nia de l&#8217;Empord\u00e0, la Xarxa de Conviv\u00e8ncia de Roses, el Club Esportiu Junc\u00e0ria i Tramuntana TV.<\/p>\n<p>&#8212;<\/p>\n<p>It is available to download the English version of the online publication &#8220;Plural perspectives. Managing the diversity in Alt Empord\u00e0&#8221;.<\/p>\n<p>The publication &#8220;Plural perspectives. Managing the diversity in Alt Empord\u00e0&#8221;, that is part of the transfer of good practice between Nieuwegein City Council and Alt Empord\u00e0&#8217;s County Council in the framework of the Labour Plus project, presents different programs and strategies on managing the diversity in Catalonia and the Netherlands, focusing special attention on eight different projects developed by public and private stakeholders in the Alt Empord\u00e0. These are: La Jonquera Public Institute, the Youth Service of the City Council of Castell\u00f3 d&#8217;Emp\u00faries, the networks of mutual support in Vilaju\u00efga, the Figueres Hospital&#8217;s Department of Gynecology and Pediatrics, the Ingr\u00e0vid Festival of Contemporary culture in Alt Empord\u00e0, Roses&#8217; Living-together Network, the Junc\u00e0ria Sports Club in Figueres and Tramuntana TV.<\/p>\n<div data-configid=\"12643291\/9882026\" style=\"width: 750px; height: 685px;\" class=\"issuuembed\"><\/div>\n<p><script type=\"text\/javascript\" src=\"\/\/e.issuu.com\/embed.js\" async=\"true\"><\/script><\/p>\n","protected":false},"excerpt":{"rendered":"<p>Ja es pot consultar i descarregar online la versi\u00f3 en angl\u00e8s de la publicaci\u00f3 &#8220;Mirades plurals. La Gesti\u00f3 de la diversitat a l&#8217;Alt Empord\u00e0&#8221;.<\/p>\n","protected":false},"author":2,"featured_media":3621,"comment_status":"open","ping_status":"open","sticky":false,"template":"","format":"standard","meta":{"footnotes":""},"categories":[106,100,107,101,105,104,103,1,108,102,111],"tags":[],"class_list":["post-4679","post","type-post","status-publish","format-standard","has-post-thumbnail","hentry","category-administracions","category-area-benestar","category-centres-recerca-universitats","category-ciutadania","category-empreses","category-entitats-socials","category-estudiants-escoles-instituts","category-general","category-mitjans-comunicacio","category-professionals-ambit-social","category-projectes-internacionals","category-106","category-100","category-107","category-101","category-105","category-104","category-103","category-1","category-108","category-102","category-111","description-off"],"_links":{"self":[{"href":"https:\/\/inclusioaltemporda.cat\/portal\/wp-json\/wp\/v2\/posts\/4679","targetHints":{"allow":["GET"]}}],"collection":[{"href":"https:\/\/inclusioaltemporda.cat\/portal\/wp-json\/wp\/v2\/posts"}],"about":[{"href":"https:\/\/inclusioaltemporda.cat\/portal\/wp-json\/wp\/v2\/types\/post"}],"author":[{"embeddable":true,"href":"https:\/\/inclusioaltemporda.cat\/portal\/wp-json\/wp\/v2\/users\/2"}],"replies":[{"embeddable":true,"href":"https:\/\/inclusioaltemporda.cat\/portal\/wp-json\/wp\/v2\/comments?post=4679"}],"version-history":[{"count":4,"href":"https:\/\/inclusioaltemporda.cat\/portal\/wp-json\/wp\/v2\/posts\/4679\/revisions"}],"predecessor-version":[{"id":4683,"href":"https:\/\/inclusioaltemporda.cat\/portal\/wp-json\/wp\/v2\/posts\/4679\/revisions\/4683"}],"wp:featuredmedia":[{"embeddable":true,"href":"https:\/\/inclusioaltemporda.cat\/portal\/wp-json\/wp\/v2\/media\/3621"}],"wp:attachment":[{"href":"https:\/\/inclusioaltemporda.cat\/portal\/wp-json\/wp\/v2\/media?parent=4679"}],"wp:term":[{"taxonomy":"category","embeddable":true,"href":"https:\/\/inclusioaltemporda.cat\/portal\/wp-json\/wp\/v2\/categories?post=4679"},{"taxonomy":"post_tag","embeddable":true,"href":"https:\/\/inclusioaltemporda.cat\/portal\/wp-json\/wp\/v2\/tags?post=4679"}],"curies":[{"name":"wp","href":"https:\/\/api.w.org\/{rel}","templated":true}]}}