{"id":4688,"date":"2014-10-28T09:47:25","date_gmt":"2014-10-28T08:47:25","guid":{"rendered":"https:\/\/inclusioaltemporda.cat\/portal\/?p=4688"},"modified":"2014-10-30T12:58:03","modified_gmt":"2014-10-30T11:58:03","slug":"el-projecte-mentorae-inicia-el-3r-curs","status":"publish","type":"post","link":"https:\/\/inclusioaltemporda.cat\/portal\/el-projecte-mentorae-inicia-el-3r-curs\/","title":{"rendered":"El projecte MentorAE inicia el 3r curs"},"content":{"rendered":"<p align=\"JUSTIFY\">Aquest mes d&#8217;octubre el Consell Comarcal ha reempr\u00e9s l&#8217;activitat del <a href=\"https:\/\/inclusioaltemporda.cat\/portal\/wp-content\/uploads\/d%C3%ADptic-Mentorae-definitiu-2014.pdf\">programa MentorAE<\/a> de suport social intergeneracional, despr\u00e9s de consolidar el seu funcionament i integrar-lo a la cartera de serveis de l&#8217;\u00c0rea de Benestar el curs passat.<\/p>\n<p align=\"JUSTIFY\">El curs 2013-2014 del projecte MentorAE va constituir 7 nuclis de mentoratge, un dels quals va tenir una continu\u00eftat superior als 6 mesos. El projecte va comptar amb la derivaci\u00f3 de 14 fam\u00edlies per part dels serveis socials b\u00e0sics.<\/p>\n<p align=\"JUSTIFY\">La present edici\u00f3 es va iniciar amb una trobada de mentors, en que es van planificar les principals activitats del nou curs. Actualment MentorAE compta amb una borsa de 8 mentors, el 75% del qual s\u00f3n dones, i amb 7 nuclis de mentoratge, constituts per un mentor\/a i una fam\u00edlia en situaci\u00f3 de risc d&#8217;exclusi\u00f3.<\/p>\n<p align=\"JUSTIFY\">Per altra banda, l&#8217;equip professional que dinamitza el projecte MentorAE ser\u00e0 present el proper dissabte 8 de novembre a la <a href=\"http:\/\/mentoriasocial.org\/perque\" target=\"_blank\">Trobada Europea de Mentoria Social<\/a> organitzada per la <a href=\"http:\/\/mentoriasocial.org\/\" target=\"_blank\">Coordinadora de Mentoria Social<\/a> on presentar\u00e0 l&#8217;experi\u00e8ncia desenvolupada els darrers anys a l&#8217;Alt Empord\u00e0.<\/p>\n<p>MentorAE \u00e9s un programa de mentoratge i suport social intergeneracional que t\u00e9 com a finalitat afavorir l\u2019intercanvi i la solidaritat entre generacions (hi participen persones de m\u00e9s de 55 anys, pares i\/o mares i infants), tot promovent experi\u00e8ncies de suport familiar a la comarca que generin un valor social afegit.<\/p>\n<p>Les persones s\u00e8niors que participen en el projecte (sols o en parella) fan de mentors amb fam\u00edlies de risc social lleu mancades de xarxa social. Els mentors s\u00f3n les persones que ofereixen volunt\u00e0riament el seu temps per donar suport i encoratjar altres persones que es troben en situaci\u00f3 de desaventatge, compartint experi\u00e8ncies i coneixements durant un temps.<\/p>\n","protected":false},"excerpt":{"rendered":"<p>Aquest mes d&#8217;octubre el Consell Comarcal ha reempr\u00e9s l&#8217;activitat del programa MentorAE de suport social intergeneracional.<\/p>\n","protected":false},"author":2,"featured_media":3853,"comment_status":"open","ping_status":"open","sticky":false,"template":"","format":"standard","meta":{"footnotes":""},"categories":[106,100,101,1,108,102],"tags":[],"class_list":["post-4688","post","type-post","status-publish","format-standard","has-post-thumbnail","hentry","category-administracions","category-area-benestar","category-ciutadania","category-general","category-mitjans-comunicacio","category-professionals-ambit-social","category-106","category-100","category-101","category-1","category-108","category-102","description-off"],"_links":{"self":[{"href":"https:\/\/inclusioaltemporda.cat\/portal\/wp-json\/wp\/v2\/posts\/4688","targetHints":{"allow":["GET"]}}],"collection":[{"href":"https:\/\/inclusioaltemporda.cat\/portal\/wp-json\/wp\/v2\/posts"}],"about":[{"href":"https:\/\/inclusioaltemporda.cat\/portal\/wp-json\/wp\/v2\/types\/post"}],"author":[{"embeddable":true,"href":"https:\/\/inclusioaltemporda.cat\/portal\/wp-json\/wp\/v2\/users\/2"}],"replies":[{"embeddable":true,"href":"https:\/\/inclusioaltemporda.cat\/portal\/wp-json\/wp\/v2\/comments?post=4688"}],"version-history":[{"count":4,"href":"https:\/\/inclusioaltemporda.cat\/portal\/wp-json\/wp\/v2\/posts\/4688\/revisions"}],"predecessor-version":[{"id":4701,"href":"https:\/\/inclusioaltemporda.cat\/portal\/wp-json\/wp\/v2\/posts\/4688\/revisions\/4701"}],"wp:featuredmedia":[{"embeddable":true,"href":"https:\/\/inclusioaltemporda.cat\/portal\/wp-json\/wp\/v2\/media\/3853"}],"wp:attachment":[{"href":"https:\/\/inclusioaltemporda.cat\/portal\/wp-json\/wp\/v2\/media?parent=4688"}],"wp:term":[{"taxonomy":"category","embeddable":true,"href":"https:\/\/inclusioaltemporda.cat\/portal\/wp-json\/wp\/v2\/categories?post=4688"},{"taxonomy":"post_tag","embeddable":true,"href":"https:\/\/inclusioaltemporda.cat\/portal\/wp-json\/wp\/v2\/tags?post=4688"}],"curies":[{"name":"wp","href":"https:\/\/api.w.org\/{rel}","templated":true}]}}