{"id":4692,"date":"2014-10-29T10:04:40","date_gmt":"2014-10-29T09:04:40","guid":{"rendered":"https:\/\/inclusioaltemporda.cat\/portal\/?p=4692"},"modified":"2014-10-29T10:07:30","modified_gmt":"2014-10-29T09:07:30","slug":"xi-jornades-de-formacio-per-a-professionals-de-llars-dinfants-intel%c2%b7ligencies-multiples","status":"publish","type":"post","link":"https:\/\/inclusioaltemporda.cat\/portal\/xi-jornades-de-formacio-per-a-professionals-de-llars-dinfants-intel%c2%b7ligencies-multiples\/","title":{"rendered":"XI Jornades de formaci\u00f3 per a professionals de llars d&#8217;infants: Intel\u00b7lig\u00e8ncies m\u00faltiples"},"content":{"rendered":"<p>El Servei d&#8217;atenci\u00f3 a la Inf\u00e0ncia, Adolesc\u00e8ncia, Fam\u00edlies i Dona del Consell Comarcal organitza les XI Jornades de formaci\u00f3 per a professionals de llars d&#8217;infants de primer cicle d&#8217;educaci\u00f3 infantil de la comarca amb la voluntat d&#8217;oferir un espai de formaci\u00f3 de proximitat als professionals de l&#8217;\u00e0mbit educatiu de 0-3 anys.<\/p>\n<p>Les Jornades de formaci\u00f3, que tenen car\u00e0cter biennal, enguany versaran sobre la tem\u00e0tica de les Intel\u00b7lig\u00e8ncies m\u00faltiples a l&#8217;aula i seran impartides per la Meritxell Cano, que \u00e9s Doctora en psicologia, formadora de formadors i assessora per a la implantaci\u00f3 de les intel\u00b7lig\u00e8ncies m\u00faltiples i noves metodologies docents en diferents centres educatius del territori.<\/p>\n<p>La present edici\u00f3 de les Jornades de formaci\u00f3 es celebrar\u00e0 el dissabte 22 de novembre de 9 a 14h a la sala d&#8217;actes del Consell Comarcal de l&#8217;Alt Empord\u00e0 (carrer Nou, 48 de Figueres). L&#8217;activitat t\u00e9 un cost de 10\u20ac.<\/p>\n<p>Si esteu interessats en inscriure-us a les jornades heu de fer arribar <a href=\"https:\/\/inclusioaltemporda.cat\/portal\/wp-content\/uploads\/full-inscripci%C3%B3.pdf\" target=\"_blank\">aquest full d&#8217;inscripci\u00f3<\/a> i el comprovant de pagament de la inscripci\u00f3 a les depend\u00e8ncies de l&#8217;\u00c0rea de Benestar del Consell Comarcal (carrer Nou, 48 de Figueres) abans del dia 14 de novembre. Podeu consultar el <a href=\"https:\/\/inclusioaltemporda.cat\/portal\/wp-content\/uploads\/JORNADES-2014-definitiu.pdf\" target=\"_blank\">programa complet en aquest enlla\u00e7<\/a>. Per a m\u00e9s informaci\u00f3 tamb\u00e9 podeu contactar amb l&#8217;organitzaci\u00f3 a trav\u00e9s del tel\u00e8fon 972.67.70.50.<\/p>\n<p>&nbsp;<\/p>\n<p>&nbsp;<\/p>\n<p>&nbsp;<\/p>\n","protected":false},"excerpt":{"rendered":"<p>L&#8217;\u00c0rea de Benestar del Consell Comarcal organitza les XI Jornades de formaci\u00f3 per a professionals de llars d&#8217;infants<\/p>\n","protected":false},"author":2,"featured_media":1729,"comment_status":"open","ping_status":"open","sticky":false,"template":"","format":"standard","meta":{"footnotes":""},"categories":[106,100,101,103,1,108,102],"tags":[],"class_list":["post-4692","post","type-post","status-publish","format-standard","has-post-thumbnail","hentry","category-administracions","category-area-benestar","category-ciutadania","category-estudiants-escoles-instituts","category-general","category-mitjans-comunicacio","category-professionals-ambit-social","category-106","category-100","category-101","category-103","category-1","category-108","category-102","description-off"],"_links":{"self":[{"href":"https:\/\/inclusioaltemporda.cat\/portal\/wp-json\/wp\/v2\/posts\/4692","targetHints":{"allow":["GET"]}}],"collection":[{"href":"https:\/\/inclusioaltemporda.cat\/portal\/wp-json\/wp\/v2\/posts"}],"about":[{"href":"https:\/\/inclusioaltemporda.cat\/portal\/wp-json\/wp\/v2\/types\/post"}],"author":[{"embeddable":true,"href":"https:\/\/inclusioaltemporda.cat\/portal\/wp-json\/wp\/v2\/users\/2"}],"replies":[{"embeddable":true,"href":"https:\/\/inclusioaltemporda.cat\/portal\/wp-json\/wp\/v2\/comments?post=4692"}],"version-history":[{"count":5,"href":"https:\/\/inclusioaltemporda.cat\/portal\/wp-json\/wp\/v2\/posts\/4692\/revisions"}],"predecessor-version":[{"id":4700,"href":"https:\/\/inclusioaltemporda.cat\/portal\/wp-json\/wp\/v2\/posts\/4692\/revisions\/4700"}],"wp:featuredmedia":[{"embeddable":true,"href":"https:\/\/inclusioaltemporda.cat\/portal\/wp-json\/wp\/v2\/media\/1729"}],"wp:attachment":[{"href":"https:\/\/inclusioaltemporda.cat\/portal\/wp-json\/wp\/v2\/media?parent=4692"}],"wp:term":[{"taxonomy":"category","embeddable":true,"href":"https:\/\/inclusioaltemporda.cat\/portal\/wp-json\/wp\/v2\/categories?post=4692"},{"taxonomy":"post_tag","embeddable":true,"href":"https:\/\/inclusioaltemporda.cat\/portal\/wp-json\/wp\/v2\/tags?post=4692"}],"curies":[{"name":"wp","href":"https:\/\/api.w.org\/{rel}","templated":true}]}}