{"id":4702,"date":"2014-11-03T08:52:07","date_gmt":"2014-11-03T07:52:07","guid":{"rendered":"https:\/\/inclusioaltemporda.cat\/portal\/?p=4702"},"modified":"2014-11-03T08:57:53","modified_gmt":"2014-11-03T07:57:53","slug":"cooperativisme-i-emprenedoria-social-a-lemporda-empordacoop","status":"publish","type":"post","link":"https:\/\/inclusioaltemporda.cat\/portal\/cooperativisme-i-emprenedoria-social-a-lemporda-empordacoop\/","title":{"rendered":"Cooperativisme i emprenedoria social a l&#8217;Empord\u00e0 #Empordacoop"},"content":{"rendered":"<p>El col\u00b7lectiu Eines, en el marc de les activitats del premi Inclusi\u00f3 2013, ha organitzat, amb la col\u00b7laboraci\u00f3 del Centre Empr\u00e8n de l&#8217;Ajuntament de Castell\u00f3 d&#8217;Emp\u00faries, un cicle sobre Cooperativisme i emprenedoria social a l&#8217;Empord\u00e0 que tindr\u00e0 lloc aquest mes de novembre adre\u00e7at a les persones interessades a con\u00e8ixer les possibilitats i oportunitats que ofereix el cooperativisme en l&#8217;\u00e0mbit social.<\/p>\n<p>Aquest cicle preveu tres sessions que tindran lloc els dies 20 i 27 de novembre que seran impartides per professionals de la cooperativa La Ciutat Invisible de Barcelona. El dia 20 de novembre est\u00e0 previst iniciar el cicle amb una sessi\u00f3 de 10 a 12 hores sobre &#8220;Joves i emprenedoria social a l&#8217;Empord\u00e0&#8221;. El mateix dia de 18 a 20 hores la sessi\u00f3 se centrar\u00e0 en &#8220;Les cooperatives i l&#8217;economia social, una alternativa laboral&#8221;. El dia 27 de novembre de 18 a 20 hores la sessi\u00f3 se centrar\u00e0 en &#8220;Territori, Sostenibilitat i cooperativisme a l&#8217;Empord\u00e0&#8221;. <a href=\"https:\/\/inclusioaltemporda.cat\/portal\/wp-content\/uploads\/empordacoop_xarxes.jpg\">Podeu consultar la programaci\u00f3 en aquest enlla\u00e7<\/a>.<\/p>\n<p>Si teniu inter\u00e8s a participar en aquests Cicle, us podeu inscriure per correu electr\u00f2nic (castelloempren@castello.cat), a trav\u00e9s del <a href=\"http:\/\/www.castelloempren.com\/formacio\/programa-de-formacio\/\">formulari de la p\u00e0gina web que trobareu en aquest enlla\u00e7<\/a>, o telef\u00f2nicament (972 456 817).<\/p>\n<p>&nbsp;<\/p>\n","protected":false},"excerpt":{"rendered":"<p>El col\u00b7lectiu Eines en el marc de les activitats del premi Inclusi\u00f3 2013 ha organitzat, amb la col\u00b7laboraci\u00f3 del Centre Empr\u00e8n de l&#8217;Ajuntament de Castell\u00f3 d&#8217;Emp\u00faries, un cicle sobre Cooperativisme i emprenedoria social a l&#8217;Empord\u00e0 que tindr\u00e0 lloc aquest mes de novembre.<\/p>\n","protected":false},"author":3,"featured_media":4706,"comment_status":"open","ping_status":"open","sticky":false,"template":"","format":"standard","meta":{"footnotes":""},"categories":[106,33,100,107,101,105,104,103,1,108,11],"tags":[],"class_list":["post-4702","post","type-post","status-publish","format-standard","has-post-thumbnail","hentry","category-administracions","category-agenda","category-area-benestar","category-centres-recerca-universitats","category-ciutadania","category-empreses","category-entitats-socials","category-estudiants-escoles-instituts","category-general","category-mitjans-comunicacio","category-taula-inclusio","category-106","category-33","category-100","category-107","category-101","category-105","category-104","category-103","category-1","category-108","category-11","description-off"],"_links":{"self":[{"href":"https:\/\/inclusioaltemporda.cat\/portal\/wp-json\/wp\/v2\/posts\/4702","targetHints":{"allow":["GET"]}}],"collection":[{"href":"https:\/\/inclusioaltemporda.cat\/portal\/wp-json\/wp\/v2\/posts"}],"about":[{"href":"https:\/\/inclusioaltemporda.cat\/portal\/wp-json\/wp\/v2\/types\/post"}],"author":[{"embeddable":true,"href":"https:\/\/inclusioaltemporda.cat\/portal\/wp-json\/wp\/v2\/users\/3"}],"replies":[{"embeddable":true,"href":"https:\/\/inclusioaltemporda.cat\/portal\/wp-json\/wp\/v2\/comments?post=4702"}],"version-history":[{"count":4,"href":"https:\/\/inclusioaltemporda.cat\/portal\/wp-json\/wp\/v2\/posts\/4702\/revisions"}],"predecessor-version":[{"id":4708,"href":"https:\/\/inclusioaltemporda.cat\/portal\/wp-json\/wp\/v2\/posts\/4702\/revisions\/4708"}],"wp:featuredmedia":[{"embeddable":true,"href":"https:\/\/inclusioaltemporda.cat\/portal\/wp-json\/wp\/v2\/media\/4706"}],"wp:attachment":[{"href":"https:\/\/inclusioaltemporda.cat\/portal\/wp-json\/wp\/v2\/media?parent=4702"}],"wp:term":[{"taxonomy":"category","embeddable":true,"href":"https:\/\/inclusioaltemporda.cat\/portal\/wp-json\/wp\/v2\/categories?post=4702"},{"taxonomy":"post_tag","embeddable":true,"href":"https:\/\/inclusioaltemporda.cat\/portal\/wp-json\/wp\/v2\/tags?post=4702"}],"curies":[{"name":"wp","href":"https:\/\/api.w.org\/{rel}","templated":true}]}}