{"id":4715,"date":"2014-11-04T09:01:40","date_gmt":"2014-11-04T08:01:40","guid":{"rendered":"https:\/\/inclusioaltemporda.cat\/portal\/?p=4715"},"modified":"2014-11-04T09:02:15","modified_gmt":"2014-11-04T08:02:15","slug":"espai-de-formacio-per-a-families-compartim-amb-els-professionals-les-metodologies-de-treball","status":"publish","type":"post","link":"https:\/\/inclusioaltemporda.cat\/portal\/espai-de-formacio-per-a-families-compartim-amb-els-professionals-les-metodologies-de-treball\/","title":{"rendered":"Espai de Formaci\u00f3 per a Fam\u00edlies: compartim entre professionals les metodologies de treball"},"content":{"rendered":"<p>L&#8217;equip de l&#8217;Espai de Formaci\u00f3 per a Fam\u00edlies dinamitzar\u00e0 dues sessions internes de treball amb professionals de l&#8217;\u00e0rea de Benestar els dies 5 i 12 de novembre.<\/p>\n<p>L&#8217;objectiu d&#8217;aquestes sessions \u00e9s compartir amb els professionals l&#8217;experi\u00e8ncia i metodologies de treball promogudes per aquest Espai iniciat fa dos anys, per tal de refor\u00e7ar el treball grupal comunitari amb fam\u00edlies des dels serveis socials b\u00e0sics.<\/p>\n<p>La dinamitzaci\u00f3 se centrar\u00e0 en introduir noves metodologies de treball amb fam\u00edlies des de la parentalitat positiva i promoure el treball amb els ciutadans des del rol professional d&#8217;igual a igual.<\/p>\n","protected":false},"excerpt":{"rendered":"<p>L&#8217;equip de l&#8217;Espai de Formaci\u00f3 per a Fam\u00edlies dinamitzar\u00e0 dues sessions internes de treball amb professionals de l&#8217;\u00e0rea de Benestar els dies 5 i 12 de novembre.<\/p>\n","protected":false},"author":3,"featured_media":4717,"comment_status":"open","ping_status":"open","sticky":false,"template":"","format":"standard","meta":{"footnotes":""},"categories":[106,33,100,107,101,104,1,108],"tags":[],"class_list":["post-4715","post","type-post","status-publish","format-standard","has-post-thumbnail","hentry","category-administracions","category-agenda","category-area-benestar","category-centres-recerca-universitats","category-ciutadania","category-entitats-socials","category-general","category-mitjans-comunicacio","category-106","category-33","category-100","category-107","category-101","category-104","category-1","category-108","description-off"],"_links":{"self":[{"href":"https:\/\/inclusioaltemporda.cat\/portal\/wp-json\/wp\/v2\/posts\/4715","targetHints":{"allow":["GET"]}}],"collection":[{"href":"https:\/\/inclusioaltemporda.cat\/portal\/wp-json\/wp\/v2\/posts"}],"about":[{"href":"https:\/\/inclusioaltemporda.cat\/portal\/wp-json\/wp\/v2\/types\/post"}],"author":[{"embeddable":true,"href":"https:\/\/inclusioaltemporda.cat\/portal\/wp-json\/wp\/v2\/users\/3"}],"replies":[{"embeddable":true,"href":"https:\/\/inclusioaltemporda.cat\/portal\/wp-json\/wp\/v2\/comments?post=4715"}],"version-history":[{"count":3,"href":"https:\/\/inclusioaltemporda.cat\/portal\/wp-json\/wp\/v2\/posts\/4715\/revisions"}],"predecessor-version":[{"id":4719,"href":"https:\/\/inclusioaltemporda.cat\/portal\/wp-json\/wp\/v2\/posts\/4715\/revisions\/4719"}],"wp:featuredmedia":[{"embeddable":true,"href":"https:\/\/inclusioaltemporda.cat\/portal\/wp-json\/wp\/v2\/media\/4717"}],"wp:attachment":[{"href":"https:\/\/inclusioaltemporda.cat\/portal\/wp-json\/wp\/v2\/media?parent=4715"}],"wp:term":[{"taxonomy":"category","embeddable":true,"href":"https:\/\/inclusioaltemporda.cat\/portal\/wp-json\/wp\/v2\/categories?post=4715"},{"taxonomy":"post_tag","embeddable":true,"href":"https:\/\/inclusioaltemporda.cat\/portal\/wp-json\/wp\/v2\/tags?post=4715"}],"curies":[{"name":"wp","href":"https:\/\/api.w.org\/{rel}","templated":true}]}}