{"id":4720,"date":"2014-11-05T09:00:37","date_gmt":"2014-11-05T08:00:37","guid":{"rendered":"https:\/\/inclusioaltemporda.cat\/portal\/?p=4720"},"modified":"2014-11-05T09:00:37","modified_gmt":"2014-11-05T08:00:37","slug":"lespai-de-formacio-per-families-presenta-la-seva-experiencia-al-xii-congres-internacional-dinfancia-maltractada","status":"publish","type":"post","link":"https:\/\/inclusioaltemporda.cat\/portal\/lespai-de-formacio-per-families-presenta-la-seva-experiencia-al-xii-congres-internacional-dinfancia-maltractada\/","title":{"rendered":"L&#8217;Espai de Formaci\u00f3 per Fam\u00edlies presenta la seva experi\u00e8ncia al XII Congr\u00e9s Internacional d&#8217;Inf\u00e0ncia Maltractada"},"content":{"rendered":"<p>L&#8217;equip de l&#8217;Espai de Formaci\u00f3 per a Fam\u00edlies participa en el XII Congr\u00e9s Internacional d&#8217;Inf\u00e0ncia Maltractada que comen\u00e7a dem\u00e0 a Bilbao.<\/p>\n<p>L&#8217;experi\u00e8ncia de l&#8217;Espai de Formaci\u00f3 per a Fam\u00edlies s&#8217;exposar\u00e0 en format p\u00f2ster el proper divendres en una sessi\u00f3 compartida amb la Universitat de Groningen (Pa\u00efsos Baixos) que presentar\u00e0 un estudi internacional sobre la presa de decisions de professionals del sistema de protecci\u00f3.<\/p>\n<p>Aquest Congr\u00e9s Internacional que tindr\u00e0 lloc dels dies 6 al 8 de novembre est\u00e0 organitzat per la Federaci\u00f3n de Asociaciones para la Prevenci\u00f3n del Maltrato Infantil (FAPMI) amb la col\u00b7laboraci\u00f3 de l&#8217;Associaci\u00f3n Vasca para ayuda a la Infancia Maltratada (IVAM). El Congr\u00e9s \u00e9s de car\u00e0cter bianual i est\u00e0 adre\u00e7at a professionals que treballen amb la inf\u00e0ncia i l&#8217;adolesc\u00e8ncia en l&#8217;\u00e0mbit acad\u00e8mic, jur\u00eddic, de l&#8217;administraci\u00f3 p\u00fablica i del tercer sector.<\/p>\n<p>L&#8217;edici\u00f3 d&#8217;aquest any es planteja com a objectiu general compartir i intercanviar experi\u00e8ncies sobre la participaci\u00f3 dels infants i adolescents en l&#8217;\u00e0mbit jur\u00eddic i els seus processos, involucrar activament tots els actors significatius, fomentar espais de discussi\u00f3 i intercanvi de bones pr\u00e0ctiques i proposar millores en aquest \u00e0mbit d&#8217;intervenci\u00f3.<\/p>\n<p>Si voleu accedir a m\u00e9s<a href=\"http:\/\/www.congresofapmi.es\/actual.asp?sec=1&amp;pp=1\"> informaci\u00f3 sobre el Congr\u00e9s la podeu trobar en aquest enlla\u00e7<\/a>.<\/p>\n<p>&nbsp;<\/p>\n","protected":false},"excerpt":{"rendered":"<p>L&#8217;equip de l&#8217;Espai de Formaci\u00f3 per a Fam\u00edlies participa en el XII Congr\u00e9s Internacional d&#8217;Inf\u00e0ncia Maltractada que comen\u00e7a dem\u00e0 a Bilbao.<\/p>\n","protected":false},"author":3,"featured_media":4722,"comment_status":"open","ping_status":"open","sticky":false,"template":"","format":"standard","meta":{"footnotes":""},"categories":[106,33,100,107,105,104,103,1,108,102],"tags":[],"class_list":["post-4720","post","type-post","status-publish","format-standard","has-post-thumbnail","hentry","category-administracions","category-agenda","category-area-benestar","category-centres-recerca-universitats","category-empreses","category-entitats-socials","category-estudiants-escoles-instituts","category-general","category-mitjans-comunicacio","category-professionals-ambit-social","category-106","category-33","category-100","category-107","category-105","category-104","category-103","category-1","category-108","category-102","description-off"],"_links":{"self":[{"href":"https:\/\/inclusioaltemporda.cat\/portal\/wp-json\/wp\/v2\/posts\/4720","targetHints":{"allow":["GET"]}}],"collection":[{"href":"https:\/\/inclusioaltemporda.cat\/portal\/wp-json\/wp\/v2\/posts"}],"about":[{"href":"https:\/\/inclusioaltemporda.cat\/portal\/wp-json\/wp\/v2\/types\/post"}],"author":[{"embeddable":true,"href":"https:\/\/inclusioaltemporda.cat\/portal\/wp-json\/wp\/v2\/users\/3"}],"replies":[{"embeddable":true,"href":"https:\/\/inclusioaltemporda.cat\/portal\/wp-json\/wp\/v2\/comments?post=4720"}],"version-history":[{"count":2,"href":"https:\/\/inclusioaltemporda.cat\/portal\/wp-json\/wp\/v2\/posts\/4720\/revisions"}],"predecessor-version":[{"id":4723,"href":"https:\/\/inclusioaltemporda.cat\/portal\/wp-json\/wp\/v2\/posts\/4720\/revisions\/4723"}],"wp:featuredmedia":[{"embeddable":true,"href":"https:\/\/inclusioaltemporda.cat\/portal\/wp-json\/wp\/v2\/media\/4722"}],"wp:attachment":[{"href":"https:\/\/inclusioaltemporda.cat\/portal\/wp-json\/wp\/v2\/media?parent=4720"}],"wp:term":[{"taxonomy":"category","embeddable":true,"href":"https:\/\/inclusioaltemporda.cat\/portal\/wp-json\/wp\/v2\/categories?post=4720"},{"taxonomy":"post_tag","embeddable":true,"href":"https:\/\/inclusioaltemporda.cat\/portal\/wp-json\/wp\/v2\/tags?post=4720"}],"curies":[{"name":"wp","href":"https:\/\/api.w.org\/{rel}","templated":true}]}}