{"id":4725,"date":"2014-11-06T11:14:55","date_gmt":"2014-11-06T10:14:55","guid":{"rendered":"https:\/\/inclusioaltemporda.cat\/portal\/?p=4725"},"modified":"2014-11-06T11:15:48","modified_gmt":"2014-11-06T10:15:48","slug":"ja-es-pot-sol%c2%b7licitar-la-garanti-juvenil-a-lalt-emporda","status":"publish","type":"post","link":"https:\/\/inclusioaltemporda.cat\/portal\/ja-es-pot-sol%c2%b7licitar-la-garanti-juvenil-a-lalt-emporda\/","title":{"rendered":"Ja es pot sol\u00b7licitar la Garantia Juvenil a l&#8217;Alt Empord\u00e0"},"content":{"rendered":"<div class=\"text_simple\">\n<p>L&#8217;Oficina Jove de l&#8217;Alt Empord\u00e0 funciona des de fa unes setmanes com a punt d&#8217;informaci\u00f3 i sol\u00b7licitud del programa de Garantia Juvenil. Aquesta \u00e9s una iniciativa a nivell europeu que pret\u00e9n reduir les altes taxes d&#8217;atur de la poblaci\u00f3 jove a trav\u00e9s de la garantia d&#8217;una\u00a0<span lang=\"ca-ES\">oferta concreta de feina, de formaci\u00f3 o de per\u00edode de pr\u00e0ctiques <\/span><span lang=\"ca-ES\">a tots els joves menors de 25 que s&#8217;inscriguin en el programa. <\/span><\/p>\n<p>El col\u00b7lectiu de joves susceptibles de rebre la Garantia Juvenil s\u00f3n el que tenen edats compreses entre 16 i 25 anys, o menors de 30 anys en el cas de joves amb un grau de discapacitat igual o superior al 33%. Les persones sol\u00b7licitants no necess\u00e0riament han d&#8217;estar inscrits als serveis d&#8217;ocupaci\u00f3, han d&#8217;estar en situaci\u00f3 d&#8217;atur i no poden estar formant-se.<\/p>\n<p>Els beneficiaris de la Garantia juvenil tamb\u00e9 han de complir els seg\u00fcents requisits:<\/p>\n<\/div>\n<div id=\"pregunte5\" class=\"panel-collapse collapse in\">\n<div class=\"panel-body\">\n<ul>\n<li>Tenir nacionalitat espanyola o ser ciutadans de la Uni\u00f3 o dels Estats que formen part de l&#8217;Acord Econ\u00f2mic Europeu o Su\u00efssa. Tamb\u00e9 podran inscriure&#8217;s els estrangers titulars d&#8217;una autoritzaci\u00f3 per residir en territori espanyol que habiliti per treballar.<\/li>\n<li>Estar empadronat a qualsevol municipi de Catalunya.<\/li>\n<li>No haver treballat en els 30 dies naturals anteriors a la data de presentaci\u00f3 de la sol\u00b7licitud.<\/li>\n<li>No haver rebut accions educatives que comportin m\u00e9s de 40 hores mensuals en els 90 dies naturals anteriors a la data de presentaci\u00f3 de la sol\u00b7licitud.<\/li>\n<li>No haver rebut accions formatives que comportin m\u00e9s de 40 hores mensuals en els 30 dies naturals anteriors a la data de presentaci\u00f3 de la sol\u00b7licitud.<\/li>\n<li>Presentar una declaraci\u00f3 expressa de tenir inter\u00e8s a participar en el Sistema Nacional de Garantia Juvenil, adquirint un comprom\u00eds de participaci\u00f3 activa en les actuacions que es desenvolupin en el marc de la Garantia Juvenil.<\/li>\n<\/ul>\n<p>El procediment de sol\u00b7licitud de la Garantir Juvenil es desenvolupa seguint els seg\u00fcents passos:<\/p>\n<p><span lang=\"ca-ES\">1) El\/la jove ha d\u2019adre\u00e7ar-se presencialment amb el seu DNI\/NIE, un n\u00famero de m\u00f2bil i un correu electr\u00f2nic a l&#8217;Oficina jove de l&#8217;Alt Empord\u00e0-Figueres per a sol\u00b7licitar un usuari o contrasenya que rebr\u00e0 per correu electr\u00f2nic en aproximadament 15 dies.<\/span><\/p>\n<p><span lang=\"ca-ES\">2) Amb l&#8217;usuari i contrasenya i, el m\u00f2bil que va facilitar a la demanda inicial, s\u2019ha d\u2019adre\u00e7ar de nou al Punt d\u2019Informaci\u00f3 Juvenil per tal d\u2019aconseguir un codi d\u2019activaci\u00f3 del seu usuari. Aquest codi el rebr\u00e0 per SMS immediatament al m\u00f2bil.<\/span><\/p>\n<p><span lang=\"ca-ES\">3) Amb l\u2019usuari actiu, ha d\u2019omplir un formulari de sol\u00b7licitud de registre a Garantia Juvenil en la mateix Oficina Jovel.<br \/>\n<\/span><\/p>\n<p><span lang=\"ca-ES\">4) Aquesta sol\u00b7licitud la presentaran des de l&#8217;Oficina Jove de l&#8217;Alt Empord\u00e0-Figueres, ser\u00e0 enviada al SEPE (Ministeri) que finalment far\u00e0 les comprovacions de requisits.<\/span><\/p>\n<p><span lang=\"ca-ES\">5) Finalment, el\/la jove rebr\u00e0 l\u2019acceptaci\u00f3 d\u2019inscripci\u00f3 al Registre de Garantia Juvenil en aproximadament 2 mesos des de l&#8217;enviament de la sol\u00b7licitud. La Garantia juvenil es compromet a que l\u2019Oficina de treball de refer\u00e8ncia es posi en contacte amb la persona sol\u00b7licitant en 30 dies per oferir-li un itinerari formatiu, de recerca de feina o emprenedoria.<\/span><\/p>\n<p>Podeu obtenir m\u00e9s informaci\u00f3 sobre el programa de Garantia Juvenil, gestionar la sol\u00b7licitud d&#8217;inscripci\u00f3 al Fitxer del Sistema Nacional de Garantia Juvenil, i rebre assessorament i suport al proc\u00e9s de sol\u00b7licitud del programa a l&#8217;<a href=\"http:\/\/www.oficinajove.cat\/ca\/oficina\/oficina-jove-de-l-alt-emporda\" target=\"_blank\">Oficina Jove de l&#8217;Alt Empord<\/a>\u00e0 -C\/Anicet de Pag\u00e8s, 2, de Figueres &#8211; Telf. 972.67.37.28 &#8211; joventut@altemporda.cat &#8211; Twitter <a href=\"https:\/\/twitter.com\/AltEmpordaJove\" target=\"_blank\">@altempordajove<\/a>. Tamb\u00e9 us podeu adre\u00e7ar al lloc web del programa de Garantia Juvenil a trav\u00e9s d&#8217;<a href=\"http:\/\/garantiajuvenil.gencat.cat\/index.html\" target=\"_blank\">aquest enlla\u00e7<\/a>, on hi trobareu informaci\u00f3 espec\u00edfica sobre els diferents procediments vinculats a la sol\u00b7licitud.<\/p>\n<\/div>\n<\/div>\n<p>&nbsp;<\/p>\n","protected":false},"excerpt":{"rendered":"<p>L&#8217;Oficina Jove de l&#8217;Alt Empord\u00e0 \u00e9s punt d&#8217;informaci\u00f3 i sol\u00b7licitud del programa de Garantia Juvenil a la comarca. Aquesta \u00e9s una iniciativa a nivell europeu que centra la seva atenci\u00f3 en la reducci\u00f3 de les taxes d&#8217;atur de la poblaci\u00f3 jove.<\/p>\n","protected":false},"author":2,"featured_media":4465,"comment_status":"open","ping_status":"open","sticky":false,"template":"","format":"standard","meta":{"footnotes":""},"categories":[106,101,105,104,103,1,108,102],"tags":[],"class_list":["post-4725","post","type-post","status-publish","format-standard","has-post-thumbnail","hentry","category-administracions","category-ciutadania","category-empreses","category-entitats-socials","category-estudiants-escoles-instituts","category-general","category-mitjans-comunicacio","category-professionals-ambit-social","category-106","category-101","category-105","category-104","category-103","category-1","category-108","category-102","description-off"],"_links":{"self":[{"href":"https:\/\/inclusioaltemporda.cat\/portal\/wp-json\/wp\/v2\/posts\/4725","targetHints":{"allow":["GET"]}}],"collection":[{"href":"https:\/\/inclusioaltemporda.cat\/portal\/wp-json\/wp\/v2\/posts"}],"about":[{"href":"https:\/\/inclusioaltemporda.cat\/portal\/wp-json\/wp\/v2\/types\/post"}],"author":[{"embeddable":true,"href":"https:\/\/inclusioaltemporda.cat\/portal\/wp-json\/wp\/v2\/users\/2"}],"replies":[{"embeddable":true,"href":"https:\/\/inclusioaltemporda.cat\/portal\/wp-json\/wp\/v2\/comments?post=4725"}],"version-history":[{"count":3,"href":"https:\/\/inclusioaltemporda.cat\/portal\/wp-json\/wp\/v2\/posts\/4725\/revisions"}],"predecessor-version":[{"id":4728,"href":"https:\/\/inclusioaltemporda.cat\/portal\/wp-json\/wp\/v2\/posts\/4725\/revisions\/4728"}],"wp:featuredmedia":[{"embeddable":true,"href":"https:\/\/inclusioaltemporda.cat\/portal\/wp-json\/wp\/v2\/media\/4465"}],"wp:attachment":[{"href":"https:\/\/inclusioaltemporda.cat\/portal\/wp-json\/wp\/v2\/media?parent=4725"}],"wp:term":[{"taxonomy":"category","embeddable":true,"href":"https:\/\/inclusioaltemporda.cat\/portal\/wp-json\/wp\/v2\/categories?post=4725"},{"taxonomy":"post_tag","embeddable":true,"href":"https:\/\/inclusioaltemporda.cat\/portal\/wp-json\/wp\/v2\/tags?post=4725"}],"curies":[{"name":"wp","href":"https:\/\/api.w.org\/{rel}","templated":true}]}}