{"id":4729,"date":"2014-11-07T09:13:06","date_gmt":"2014-11-07T08:13:06","guid":{"rendered":"https:\/\/inclusioaltemporda.cat\/portal\/?p=4729"},"modified":"2016-02-01T09:25:49","modified_gmt":"2016-02-01T08:25:49","slug":"9a-jornada-nosaltres-els-fills-i-filles-de-la-immigracio-i-el-mercat-de-treball-eines-per-a-la-intervencio","status":"publish","type":"post","link":"https:\/\/inclusioaltemporda.cat\/portal\/9a-jornada-nosaltres-els-fills-i-filles-de-la-immigracio-i-el-mercat-de-treball-eines-per-a-la-intervencio\/","title":{"rendered":"9a Jornada NOS+ALTRES: Els fills i filles de la immigraci\u00f3 i el mercat de treball: eines per a la intervenci\u00f3"},"content":{"rendered":"<p>El proper 3 de desembre tindr\u00e0 lloc a Figueres la 9a edici\u00f3 del cicle de jornades NOS+ALTRES que enguany se centrar\u00e0 en \u201cEls fills i filles de la immigraci\u00f3 i el mercat de treball: eines per a la intervenci\u00f3\u201d.<\/p>\n<p>Aquesta jornada que organitza anualment el Consell Comarcal de l&#8217;Alt Empord\u00e0\u00a0i l&#8217;Ajuntament de Figueres, amb el suport de la Direcci\u00f3 General per a la Immigraci\u00f3, proposa una reflexi\u00f3 centrada en una aproximaci\u00f3 sociol\u00f2gica als fills i filles de la immigraci\u00f3\u00a0i en analitzar la seva incorporaci\u00f3 al mercat laboral.<a href=\"https:\/\/inclusioaltemporda.cat\/portal\/wp-content\/uploads\/Diptic-Jornades-MOS+ALTRES-2014.pdf\"> Podeu consultar el programa en aquest enlla\u00e7.<\/a><\/p>\n<p>La Jornada Nos+Altres, que es dur\u00e0 a terme a la seu del Consell Comarcal de 9h a 13:00h, comptar\u00e0 amb la participaci\u00f3 del psic\u00f2leg i escriptor Said el Kadaoui Moussaoui, que impartir\u00e0 la pon\u00e8ncia \u201cIdentitats complexes. M\u00faltiplement arrelats o desarrelats. Ser fills de persones immigrades i no morir en l&#8217;intent&#8221; i amb la participaci\u00f3 de la soci\u00f2loga Judit Font Redolad, que impartir\u00e0 la pon\u00e8ncia &#8220;Immigraci\u00f3 i societat: la incorporaci\u00f3 dels fills i filles de la immigraci\u00f3 al mercat de treball&#8221;.<\/p>\n<p>En el marc d&#8217;aquesta jornada tamb\u00e9 es presentaran les experi\u00e8ncies de treball dutes a terme a Sant Pere Pescador (projecte La Cuina Premi Inclusi\u00f3 2013) per Mireia Veh\u00ed i Montse Boher de la Cooperativa Eines, el projecte EFCI per al foment de l&#8217;emprenedoria amb dones nouvingudes (Premis Nayra 2013) a c\u00e0rrec de la Fundaci\u00f3 Plataforma Educativa i la recerca &#8220;La realitat formativa i laboral dels i les joves fills i filles de fam\u00edlies migrades residents a l&#8217;Alt Empord\u00e0&#8221; A c\u00e0rrec de la Fundaci\u00f3 Surt. L&#8217;objectiu\u00a0de\u00a0la\u00a0taula d&#8217;experi\u00e8ncies\u00a0ser\u00e0 oferir eines pr\u00e0ctiques als assistents sobre la promoci\u00f3 de traject\u00f2ries favorables d&#8217;inserci\u00f3 al mercat de treball. Clour\u00e0 la jornada el director general per a la Immigraci\u00f3 de la Generalitat de Catalunya, Xavier Bosch.<\/p>\n<p>Les jornades estan obertes al p\u00fablic en general. Totes aquelles persones que vulguin disposar del certificat d&#8217;assist\u00e8ncia hauran de fer efectiva la inscripci\u00f3 abans del dia 28 de novembre a l&#8217;\u00c0rea de Benestar del Consell Comarcal, per correu electr\u00f2nic o telef\u00f2nicament (ssocials@altemporda.cat &#8211; Tel. 972 67 70 50) o al Servei d&#8217;Immigraci\u00f3 i Diversitat de l&#8217;Ajuntament de Figueres (cnoguera@figueres.org &#8211; zrotbi@figueres.org &#8211; Tel.\u00a0 972 03 23 66\/ 972 03 23 08).<\/p>\n","protected":false},"excerpt":{"rendered":"<p>El proper 3 de desembre tindr\u00e0 lloc a Figueres la 9a edici\u00f3 del cicle de jornades NOS+ALTRES que enguany se centrar\u00e0 en \u201cEls fills i filles de la immigraci\u00f3 i el mercat de treball: eines per a la intervenci\u00f3\u201d.<\/p>\n","protected":false},"author":3,"featured_media":4731,"comment_status":"closed","ping_status":"closed","sticky":false,"template":"","format":"standard","meta":{"footnotes":""},"categories":[106,33,100,107,101,105,104,103,1,108,102,11],"tags":[],"class_list":["post-4729","post","type-post","status-publish","format-standard","has-post-thumbnail","hentry","category-administracions","category-agenda","category-area-benestar","category-centres-recerca-universitats","category-ciutadania","category-empreses","category-entitats-socials","category-estudiants-escoles-instituts","category-general","category-mitjans-comunicacio","category-professionals-ambit-social","category-taula-inclusio","category-106","category-33","category-100","category-107","category-101","category-105","category-104","category-103","category-1","category-108","category-102","category-11","description-off"],"_links":{"self":[{"href":"https:\/\/inclusioaltemporda.cat\/portal\/wp-json\/wp\/v2\/posts\/4729","targetHints":{"allow":["GET"]}}],"collection":[{"href":"https:\/\/inclusioaltemporda.cat\/portal\/wp-json\/wp\/v2\/posts"}],"about":[{"href":"https:\/\/inclusioaltemporda.cat\/portal\/wp-json\/wp\/v2\/types\/post"}],"author":[{"embeddable":true,"href":"https:\/\/inclusioaltemporda.cat\/portal\/wp-json\/wp\/v2\/users\/3"}],"replies":[{"embeddable":true,"href":"https:\/\/inclusioaltemporda.cat\/portal\/wp-json\/wp\/v2\/comments?post=4729"}],"version-history":[{"count":8,"href":"https:\/\/inclusioaltemporda.cat\/portal\/wp-json\/wp\/v2\/posts\/4729\/revisions"}],"predecessor-version":[{"id":4740,"href":"https:\/\/inclusioaltemporda.cat\/portal\/wp-json\/wp\/v2\/posts\/4729\/revisions\/4740"}],"wp:featuredmedia":[{"embeddable":true,"href":"https:\/\/inclusioaltemporda.cat\/portal\/wp-json\/wp\/v2\/media\/4731"}],"wp:attachment":[{"href":"https:\/\/inclusioaltemporda.cat\/portal\/wp-json\/wp\/v2\/media?parent=4729"}],"wp:term":[{"taxonomy":"category","embeddable":true,"href":"https:\/\/inclusioaltemporda.cat\/portal\/wp-json\/wp\/v2\/categories?post=4729"},{"taxonomy":"post_tag","embeddable":true,"href":"https:\/\/inclusioaltemporda.cat\/portal\/wp-json\/wp\/v2\/tags?post=4729"}],"curies":[{"name":"wp","href":"https:\/\/api.w.org\/{rel}","templated":true}]}}