{"id":4744,"date":"2014-11-12T09:29:33","date_gmt":"2014-11-12T08:29:33","guid":{"rendered":"https:\/\/inclusioaltemporda.cat\/portal\/?p=4744"},"modified":"2016-02-01T09:25:49","modified_gmt":"2016-02-01T08:25:49","slug":"obertes-les-inscripcions-del-programa-okupalt-2015","status":"publish","type":"post","link":"https:\/\/inclusioaltemporda.cat\/portal\/obertes-les-inscripcions-del-programa-okupalt-2015\/","title":{"rendered":"Obertes les inscripcions del programa Okup&#8217;Alt 2015"},"content":{"rendered":"<p>La nova edici\u00f3 del programa Okup&#8217;Alt 2015 orientat a la formaci\u00f3 professionalitzadora i ocupacional de joves de la comarca ha obert el termini d&#8217;inscripcions que estar\u00e0 actiu fins al proper 28 de novembre.<\/p>\n<p>Aquest programa est\u00e0 adre\u00e7at a joves d&#8217;entre 16 i 19 anys que no estiguin estudiant ni trobin feina i tinguin inter\u00e8s a participar en un espai de formaci\u00f3 i pr\u00e0ctica centrat en tres \u00e0mbits laborals: agricultura (tasques forestals), serveis de manteniment (pintura i lampisteria) i serveis d&#8217;imatge personal (imatge i est\u00e8tica personal). L&#8217;Okup&#8217;Alt 2015 es dur\u00e0 a terme entre el 17 de gener i el 21 d&#8217;abril de l&#8217;any vinent.<\/p>\n<p>Les persones interessades poden demanar informaci\u00f3 l&#8217;<a href=\"http:\/\/www.oficinajove.cat\/ca\/oficina\/oficina-jove-de-l-alt-emporda\" target=\"_blank\">Oficina Jove de l&#8217;Alt Empord\u00e0<\/a> (c. Anicet de Pag\u00e8s, 2- Figueres. Tel. 972 673 728), de dilluns a divendres de 9 a 14 hores i de 16 a 20h, contactar via correu electr\u00f2nic (joventut@altemporda.org) o mitjan\u00e7ant la p\u00e0gina de Facebook (Joventut Figueres Alt Empord\u00e0).<\/p>\n<p>Les inscripcions a l&#8217;Okup&#8217;Alt 2015 s&#8217;han de fer presencialment a l&#8217;Oficina Jove de l&#8217;Alt Empord\u00e0, o b\u00e9 a trav\u00e9s dels t\u00e8cnics locals de joventut en aquells municipis en que n&#8217;hi hagi. Clicant en aquest enlla\u00e7 podeu accedir al <a href=\"https:\/\/inclusioaltemporda.cat\/portal\/wp-content\/uploads\/Inscripci\u00f3-OkupAlt.pdf\" target=\"_blank\">Full d&#8217;Inscripci\u00f3<\/a> i en aquest altre teniu el <a title=\"cartell informatiu\" href=\"https:\/\/pbs.twimg.com\/media\/B1mppD7CYAEV4UG.jpg:large\" target=\"_blank\">cartell informatiu<\/a>.<\/p>\n<p>En l&#8217;edici\u00f3 anterior del programa Okup&#8217;Alt varen participar 44 joves.<\/p>\n<p>&nbsp;<\/p>\n","protected":false},"excerpt":{"rendered":"<p>La nova edici\u00f3 del programa Okup&#8217;Alt 2015 orientat a la formaci\u00f3 professionalitzadora i ocupacional de joves de la comarca ha obert el termini d&#8217;inscripcions que estar\u00e0 actiu fins al proper 28 de novembre.<\/p>\n","protected":false},"author":2,"featured_media":4745,"comment_status":"closed","ping_status":"closed","sticky":false,"template":"","format":"standard","meta":{"footnotes":""},"categories":[106,101,105,104,103,1,108,12,102],"tags":[],"class_list":["post-4744","post","type-post","status-publish","format-standard","has-post-thumbnail","hentry","category-administracions","category-ciutadania","category-empreses","category-entitats-socials","category-estudiants-escoles-instituts","category-general","category-mitjans-comunicacio","category-pla-dinclusio-2","category-professionals-ambit-social","category-106","category-101","category-105","category-104","category-103","category-1","category-108","category-12","category-102","description-off"],"_links":{"self":[{"href":"https:\/\/inclusioaltemporda.cat\/portal\/wp-json\/wp\/v2\/posts\/4744","targetHints":{"allow":["GET"]}}],"collection":[{"href":"https:\/\/inclusioaltemporda.cat\/portal\/wp-json\/wp\/v2\/posts"}],"about":[{"href":"https:\/\/inclusioaltemporda.cat\/portal\/wp-json\/wp\/v2\/types\/post"}],"author":[{"embeddable":true,"href":"https:\/\/inclusioaltemporda.cat\/portal\/wp-json\/wp\/v2\/users\/2"}],"replies":[{"embeddable":true,"href":"https:\/\/inclusioaltemporda.cat\/portal\/wp-json\/wp\/v2\/comments?post=4744"}],"version-history":[{"count":4,"href":"https:\/\/inclusioaltemporda.cat\/portal\/wp-json\/wp\/v2\/posts\/4744\/revisions"}],"predecessor-version":[{"id":4995,"href":"https:\/\/inclusioaltemporda.cat\/portal\/wp-json\/wp\/v2\/posts\/4744\/revisions\/4995"}],"wp:featuredmedia":[{"embeddable":true,"href":"https:\/\/inclusioaltemporda.cat\/portal\/wp-json\/wp\/v2\/media\/4745"}],"wp:attachment":[{"href":"https:\/\/inclusioaltemporda.cat\/portal\/wp-json\/wp\/v2\/media?parent=4744"}],"wp:term":[{"taxonomy":"category","embeddable":true,"href":"https:\/\/inclusioaltemporda.cat\/portal\/wp-json\/wp\/v2\/categories?post=4744"},{"taxonomy":"post_tag","embeddable":true,"href":"https:\/\/inclusioaltemporda.cat\/portal\/wp-json\/wp\/v2\/tags?post=4744"}],"curies":[{"name":"wp","href":"https:\/\/api.w.org\/{rel}","templated":true}]}}