{"id":4756,"date":"2014-11-13T10:40:23","date_gmt":"2014-11-13T09:40:23","guid":{"rendered":"https:\/\/inclusioaltemporda.cat\/portal\/?p=4756"},"modified":"2016-02-01T09:25:49","modified_gmt":"2016-02-01T08:25:49","slug":"opinio-professional-material-de-les-sessions-de-formacio-per-a-professionals-de-leff","status":"publish","type":"post","link":"https:\/\/inclusioaltemporda.cat\/portal\/opinio-professional-material-de-les-sessions-de-formacio-per-a-professionals-de-leff\/","title":{"rendered":"Opini\u00f3 professional: material de les sessions de formaci\u00f3 per a professionals de l&#8217;EFF"},"content":{"rendered":"<p>L&#8217;espai professional d&#8217;aquest web us ofereix el material elaborat per l&#8217;equip de l&#8217;Espai de Formaci\u00f3 per a Fam\u00edlies per a les dues sessions internes de treball amb professionals de l&#8217;\u00e0rea de Benestar celebrades aquest mes de novembre. L&#8217;objectiu de les sessions de formaci\u00f3 ha estat el de compartir l&#8217;experi\u00e8ncia i metodologies de treball promogudes per aquest Espai iniciat fa dos anys, per tal de refor\u00e7ar el treball grupal comunitari amb fam\u00edlies des dels serveis socials b\u00e0sics.<\/p>\n<p>Us convidem a consultar el material elaborat per a la formaci\u00f3 en <a href=\"https:\/\/inclusioaltemporda.cat\/portal\/wp-content\/uploads\/EFF_Sessions-Professionals_nov14.pdf\" target=\"_blank\">aquest enlla\u00e7<\/a> i tamb\u00e9 a visitar regularment la <a href=\"https:\/\/inclusioaltemporda.cat\/portal\/professionals\/\">p\u00e0gina dedicada als professionals de l&#8217;\u00e0mbit social<\/a> de la nostra web.<\/p>\n","protected":false},"excerpt":{"rendered":"<p>L&#8217;espai professional d&#8217;aquest web us ofereix el material elaborat per l&#8217;equip de l&#8217;Espai de Formaci\u00f3 per a Fam\u00edlies per a les dues sessions de treball amb professionals de l&#8217;\u00e0rea de Benestar <\/p>\n","protected":false},"author":2,"featured_media":2476,"comment_status":"closed","ping_status":"closed","sticky":false,"template":"","format":"standard","meta":{"footnotes":""},"categories":[106,100,107,101,1,108,102],"tags":[],"class_list":["post-4756","post","type-post","status-publish","format-standard","has-post-thumbnail","hentry","category-administracions","category-area-benestar","category-centres-recerca-universitats","category-ciutadania","category-general","category-mitjans-comunicacio","category-professionals-ambit-social","category-106","category-100","category-107","category-101","category-1","category-108","category-102","description-off"],"_links":{"self":[{"href":"https:\/\/inclusioaltemporda.cat\/portal\/wp-json\/wp\/v2\/posts\/4756","targetHints":{"allow":["GET"]}}],"collection":[{"href":"https:\/\/inclusioaltemporda.cat\/portal\/wp-json\/wp\/v2\/posts"}],"about":[{"href":"https:\/\/inclusioaltemporda.cat\/portal\/wp-json\/wp\/v2\/types\/post"}],"author":[{"embeddable":true,"href":"https:\/\/inclusioaltemporda.cat\/portal\/wp-json\/wp\/v2\/users\/2"}],"replies":[{"embeddable":true,"href":"https:\/\/inclusioaltemporda.cat\/portal\/wp-json\/wp\/v2\/comments?post=4756"}],"version-history":[{"count":2,"href":"https:\/\/inclusioaltemporda.cat\/portal\/wp-json\/wp\/v2\/posts\/4756\/revisions"}],"predecessor-version":[{"id":4758,"href":"https:\/\/inclusioaltemporda.cat\/portal\/wp-json\/wp\/v2\/posts\/4756\/revisions\/4758"}],"wp:featuredmedia":[{"embeddable":true,"href":"https:\/\/inclusioaltemporda.cat\/portal\/wp-json\/wp\/v2\/media\/2476"}],"wp:attachment":[{"href":"https:\/\/inclusioaltemporda.cat\/portal\/wp-json\/wp\/v2\/media?parent=4756"}],"wp:term":[{"taxonomy":"category","embeddable":true,"href":"https:\/\/inclusioaltemporda.cat\/portal\/wp-json\/wp\/v2\/categories?post=4756"},{"taxonomy":"post_tag","embeddable":true,"href":"https:\/\/inclusioaltemporda.cat\/portal\/wp-json\/wp\/v2\/tags?post=4756"}],"curies":[{"name":"wp","href":"https:\/\/api.w.org\/{rel}","templated":true}]}}