{"id":4766,"date":"2014-11-17T09:44:03","date_gmt":"2014-11-17T08:44:03","guid":{"rendered":"https:\/\/inclusioaltemporda.cat\/portal\/?p=4766"},"modified":"2016-02-01T09:25:49","modified_gmt":"2016-02-01T08:25:49","slug":"convocatoria-de-la-borses-de-treball-de-treballadora-social-i-deducadora-social","status":"publish","type":"post","link":"https:\/\/inclusioaltemporda.cat\/portal\/convocatoria-de-la-borses-de-treball-de-treballadora-social-i-deducadora-social\/","title":{"rendered":"Convocat\u00f2ria de la borses de treball de Treballador\/a social i d&#8217;Educador\/a social"},"content":{"rendered":"<p>El Consell Comarcal de l&#8217;Alt Empord\u00e0 ha obert la convocat\u00f2ria per a la creaci\u00f3 de dues borses de treball en les categories de treballador\/a social i educador\/a social.<\/p>\n<p>Les <a href=\"http:\/\/www.altemporda.org\/portal\/attachments\/article\/1019\/bases.pdf\" target=\"_blank\">bases<\/a> aprovades el passat 29 d&#8217;octubre de 2014 regulen el proc\u00e9s selectiu per a la creaci\u00f3 de dues borses de treball per cobrir, de forma temporal, amb car\u00e0cter urgent i inajornable les possibles vacants que esdevinguin en les categories d&#8217;educador\/a social i treballador\/a social.<\/p>\n<p>Podeu consultar la convocat\u00f2ria en la que s&#8217;espec\u00edfica els sistema de selecci\u00f3 i les caracter\u00edstiques de les places, aix\u00ed com el contingut del concurs-oposici\u00f3 i el temari general i espec\u00edfic de les proves, en <a href=\"http:\/\/www.altemporda.org\/portal\/recursoshumans1\/convocatoria-borsa-de-treball\" target=\"_blank\">aquest enlla\u00e7<\/a>.<\/p>\n<p>La convocat\u00f2ria de les dues borses de treball estar\u00e0 oberta fins el dia 24 de novembre.<\/p>\n","protected":false},"excerpt":{"rendered":"<p>El Consell Comarcal de l&#8217;Alt Empord\u00e0 ha obert la convocat\u00f2ria per a la creaci\u00f3 de dues borses de treball en les categories de treballador\/a social i educador\/a social<\/p>\n","protected":false},"author":2,"featured_media":4768,"comment_status":"closed","ping_status":"closed","sticky":false,"template":"","format":"standard","meta":{"footnotes":""},"categories":[106,100,101,103,1,108,102],"tags":[],"class_list":["post-4766","post","type-post","status-publish","format-standard","has-post-thumbnail","hentry","category-administracions","category-area-benestar","category-ciutadania","category-estudiants-escoles-instituts","category-general","category-mitjans-comunicacio","category-professionals-ambit-social","category-106","category-100","category-101","category-103","category-1","category-108","category-102","description-off"],"_links":{"self":[{"href":"https:\/\/inclusioaltemporda.cat\/portal\/wp-json\/wp\/v2\/posts\/4766","targetHints":{"allow":["GET"]}}],"collection":[{"href":"https:\/\/inclusioaltemporda.cat\/portal\/wp-json\/wp\/v2\/posts"}],"about":[{"href":"https:\/\/inclusioaltemporda.cat\/portal\/wp-json\/wp\/v2\/types\/post"}],"author":[{"embeddable":true,"href":"https:\/\/inclusioaltemporda.cat\/portal\/wp-json\/wp\/v2\/users\/2"}],"replies":[{"embeddable":true,"href":"https:\/\/inclusioaltemporda.cat\/portal\/wp-json\/wp\/v2\/comments?post=4766"}],"version-history":[{"count":3,"href":"https:\/\/inclusioaltemporda.cat\/portal\/wp-json\/wp\/v2\/posts\/4766\/revisions"}],"predecessor-version":[{"id":4770,"href":"https:\/\/inclusioaltemporda.cat\/portal\/wp-json\/wp\/v2\/posts\/4766\/revisions\/4770"}],"wp:featuredmedia":[{"embeddable":true,"href":"https:\/\/inclusioaltemporda.cat\/portal\/wp-json\/wp\/v2\/media\/4768"}],"wp:attachment":[{"href":"https:\/\/inclusioaltemporda.cat\/portal\/wp-json\/wp\/v2\/media?parent=4766"}],"wp:term":[{"taxonomy":"category","embeddable":true,"href":"https:\/\/inclusioaltemporda.cat\/portal\/wp-json\/wp\/v2\/categories?post=4766"},{"taxonomy":"post_tag","embeddable":true,"href":"https:\/\/inclusioaltemporda.cat\/portal\/wp-json\/wp\/v2\/tags?post=4766"}],"curies":[{"name":"wp","href":"https:\/\/api.w.org\/{rel}","templated":true}]}}