{"id":4771,"date":"2014-11-20T10:14:11","date_gmt":"2014-11-20T09:14:11","guid":{"rendered":"https:\/\/inclusioaltemporda.cat\/portal\/?p=4771"},"modified":"2016-02-01T09:25:48","modified_gmt":"2016-02-01T08:25:48","slug":"informe-2014-sobre-els-drets-del-infants-a-catalunya","status":"publish","type":"post","link":"https:\/\/inclusioaltemporda.cat\/portal\/informe-2014-sobre-els-drets-del-infants-a-catalunya\/","title":{"rendered":"Informe 2014 sobre els drets del Infants a Catalunya"},"content":{"rendered":"<p>Coincidint amb el 25\u00e8 aniversari de la <a href=\"http:\/\/www.unicef.es\/cat\/infancia\/drets-del-nen\/convencio-drets-nen\" target=\"_blank\">Convenci\u00f3 de Nacions Unides dels Drets dels Infants<\/a> el <a href=\"http:\/\/www.sindic.cat\/ca\/page.asp?id=1\" target=\"_blank\">S\u00edndic de Greuges<\/a> ha presentat l&#8217;<a href=\"http:\/\/www.sindic.cat\/site\/unitFiles\/3743\/Informe%20Infancia%202014_cat.pdf\" target=\"_blank\">Informe anual sobre els drets dels infants<\/a>.<\/p>\n<p>L&#8217;Informe, que ahir va ser lliurat a la Presidenta del Parlament, recull les principals mancances detectades pel S\u00edndic durant l&#8217;\u00faltim any en l&#8217;\u00e0mbit de la inf\u00e0ncia i elabora propostes per corregir-les adre\u00e7ades als respectius ens competents. Aquest document s&#8217;elabora anualment d&#8217;acord amb la Llei d&#8217;inf\u00e0ncia de Catalunya, que encomana al S\u00edndic l&#8217;elaboraci\u00f3 d&#8217;un informe amb relaci\u00f3 a la Convenci\u00f3 internacional sobre els drets de l&#8217;infant i la legislaci\u00f3 relativa a inf\u00e0ncia i adolesc\u00e8ncia.<\/p>\n<p>En l&#8217;Informe 2014 el S\u00edndic evid\u00e8ncia que els infants socialment m\u00e9s desprotegits tenen menys oportunitats que la resta i acostumen a patir vulneracions dels seus drets b\u00e0sics. En aquest sentit, proposa mesures concretes per donar compliment efectiu a la Convenci\u00f3 sobre els drets de l&#8217;infant, posant l&#8217;accent en la potenciaci\u00f3 de les pol\u00edtiques socials i de protecci\u00f3 de la fam\u00edlia, l&#8217;ampliaci\u00f3 dels serveis i les places residencials p\u00fabliques adre\u00e7ades als infants i adolescents, i la garantia de prestacions m\u00ednimes per a les fam\u00edlies amb fills.<\/p>\n<p>Els deu reptes plantejats pel S\u00edndic en el seu Informe anual s\u00f3n:<\/p>\n<p>1. Mancances en l&#8217;escolta efectiva dels infants. En general, els serveis que atenen els infants no han incorporat el canvi de paradigma que implica la Convenci\u00f3, que suposa escoltar l&#8217;infant en qualsevol decisi\u00f3 que l&#8217;afecti.<\/p>\n<p>2. Inadequaci\u00f3 dels recursos del sistema de protecci\u00f3 a les necessitats dels infants. El baix pes de l&#8217;acolliment familiar fa que una part dels infants i adolescents dins el sistema de protecci\u00f3 no tinguin assignat el recurs m\u00e9s adequat a les seves necessitats.<\/p>\n<p>3. La invisibilitat del maltractament. El fenomen de la viol\u00e8ncia contra els infants i adolescents no \u00e9s prou visible. Cal continuar conscienciant la poblaci\u00f3 i formant els professionals per garantir la prevenci\u00f3 i la detecci\u00f3 del maltractament.<\/p>\n<p>4. D\u00e8ficits en la inclusi\u00f3 dels infants amb discapacitat. Malgrat els reconeixements normatius, els infants amb discapacitat tenen mancances en l&#8217;atenci\u00f3 integral que garanteixi el seu m\u00e0xim desenvolupament i tamb\u00e9 en el seu dret a escolaritzar-se de forma inclusiva i amb plenes garanties.<\/p>\n<p>5. Mancances en la garantia del dret a la salut mental. La probabilitat de patir un trastorn mental \u00e9s m\u00e9s alta com m\u00e9s baixa \u00e9s la classe social. La xarxa de salut mental infantil i juvenil est\u00e0 infradotada per assumir plenament l&#8217;atenci\u00f3 ambulat\u00f2ria i residencial que requereixen els infants i adolescents.<\/p>\n<p>6. La pobresa infantil i la necessitat d&#8217;una renda garantida per combatre-la. A Catalunya, el 29,4% d&#8217;infants menors de setze anys es troba en situaci\u00f3 de pobresa relativa (dades Idescat 2012) i la renda m\u00ednima d&#8217;inserci\u00f3 no arriba a totes les fam\u00edlies ni garanteix que disposin dels mitjans econ\u00f2mics necessaris per atendre les necessitats dels infants.<\/p>\n<p>7. Mancances en les pol\u00edtiques d&#8217;acompanyament familiar. Les pol\u00edtiques de suport a les fam\u00edlies presenten mancances estructurals derivades de la baixa inversi\u00f3 p\u00fablica, agreujades per l&#8217;increment de les necessitats socials de les fam\u00edlies i la complexitat de la intervenci\u00f3 per la seva major vulnerabilitat.<\/p>\n<p>8. Manca d&#8217;equitat del sistema educatiu. Hi ha una difer\u00e8ncia de 30 punts percentuals entre la taxa d&#8217;escolaritzaci\u00f3 dels joves de disset anys socialment m\u00e9s afavorits i dels menys afavorits. Una de les pol\u00edtiques clau per combatre les desigualtats educatives, l&#8217;educaci\u00f3 infantil de primer cicle, ha patit un retroc\u00e9s, derivat, en part, de la reducci\u00f3 de la despesa p\u00fablica en aquesta etapa.<\/p>\n<p>9. Escolaritzaci\u00f3 desequilibrada de l&#8217;alumnat. Els desequilibris en la composici\u00f3 social dels centres vulneren especialment la igualtat d&#8217;oportunitats dels infants m\u00e9s desfavorits, sense que hi hagi hagut una millora significativa en els nivells de segregaci\u00f3 escolar del sistema d&#8217;en\u00e7\u00e0 de l&#8217;any 2007.<\/p>\n<p>10. Desigualtats en l&#8217;acc\u00e9s al lleure educatiu. La participaci\u00f3 dels infants en el lleure educatiu est\u00e0 fortament afectada per desigualtats (hi ha una difer\u00e8ncia de m\u00e9s de 30 punts entre la participaci\u00f3 en activitats extraescolars entre els grups m\u00e9s ben posicionats socialment i els grups que ho estan menys) i aquest \u00e0mbit ha estat fortament afectat per les mesures de contenci\u00f3 de la despesa.<\/p>\n","protected":false},"excerpt":{"rendered":"<p>Coincidint amb el 25\u00e8 aniversari de la Convenci\u00f3 de Nacions Unides dels Drets dels Infants el S\u00edndic de Greuges ha presentat l&#8217;Informe anual sobre els drets dels infants.<\/p>\n","protected":false},"author":2,"featured_media":4775,"comment_status":"closed","ping_status":"closed","sticky":false,"template":"","format":"standard","meta":{"footnotes":""},"categories":[106,100,101,104,103,1,108],"tags":[],"class_list":["post-4771","post","type-post","status-publish","format-standard","has-post-thumbnail","hentry","category-administracions","category-area-benestar","category-ciutadania","category-entitats-socials","category-estudiants-escoles-instituts","category-general","category-mitjans-comunicacio","category-106","category-100","category-101","category-104","category-103","category-1","category-108","description-off"],"_links":{"self":[{"href":"https:\/\/inclusioaltemporda.cat\/portal\/wp-json\/wp\/v2\/posts\/4771","targetHints":{"allow":["GET"]}}],"collection":[{"href":"https:\/\/inclusioaltemporda.cat\/portal\/wp-json\/wp\/v2\/posts"}],"about":[{"href":"https:\/\/inclusioaltemporda.cat\/portal\/wp-json\/wp\/v2\/types\/post"}],"author":[{"embeddable":true,"href":"https:\/\/inclusioaltemporda.cat\/portal\/wp-json\/wp\/v2\/users\/2"}],"replies":[{"embeddable":true,"href":"https:\/\/inclusioaltemporda.cat\/portal\/wp-json\/wp\/v2\/comments?post=4771"}],"version-history":[{"count":5,"href":"https:\/\/inclusioaltemporda.cat\/portal\/wp-json\/wp\/v2\/posts\/4771\/revisions"}],"predecessor-version":[{"id":4777,"href":"https:\/\/inclusioaltemporda.cat\/portal\/wp-json\/wp\/v2\/posts\/4771\/revisions\/4777"}],"wp:featuredmedia":[{"embeddable":true,"href":"https:\/\/inclusioaltemporda.cat\/portal\/wp-json\/wp\/v2\/media\/4775"}],"wp:attachment":[{"href":"https:\/\/inclusioaltemporda.cat\/portal\/wp-json\/wp\/v2\/media?parent=4771"}],"wp:term":[{"taxonomy":"category","embeddable":true,"href":"https:\/\/inclusioaltemporda.cat\/portal\/wp-json\/wp\/v2\/categories?post=4771"},{"taxonomy":"post_tag","embeddable":true,"href":"https:\/\/inclusioaltemporda.cat\/portal\/wp-json\/wp\/v2\/tags?post=4771"}],"curies":[{"name":"wp","href":"https:\/\/api.w.org\/{rel}","templated":true}]}}