{"id":4800,"date":"2014-11-24T09:29:34","date_gmt":"2014-11-24T08:29:34","guid":{"rendered":"https:\/\/inclusioaltemporda.cat\/portal\/?p=4800"},"modified":"2016-02-01T09:25:48","modified_gmt":"2016-02-01T08:25:48","slug":"25-n-dia-internacional-de-leliminacio-de-la-violencia-contra-la-dona","status":"publish","type":"post","link":"https:\/\/inclusioaltemporda.cat\/portal\/25-n-dia-internacional-de-leliminacio-de-la-violencia-contra-la-dona\/","title":{"rendered":"25-N Dia Internacional de l&#8217;eliminaci\u00f3 de la viol\u00e8ncia contra la dona"},"content":{"rendered":"<p>El 25 de Novembre \u00e9s el Dia Internacional de l&#8217;eliminaci\u00f3 de la viol\u00e8ncia contra la dona, data escollida per Nacions Unides en qu\u00e8 es commemora l&#8217;assassinat l&#8217;any 1960 de les germanes Mirabal, activistes pol\u00edtiques de la Rep\u00fablica Dominicana per ordre del dictador Rafael Trujillo.<\/p>\n<p>Aquesta commemoraci\u00f3 d&#8217;acord amb la <a href=\"http:\/\/www.un.org\/es\/events\/endviolenceday\/\">declaraci\u00f3 de les Nacions Unides recorda a tot el m\u00f3n<\/a>:<\/p>\n<p>&#8211; La viol\u00e8ncia contra la dona \u00e9s una violaci\u00f3 dels drets humans.<\/p>\n<p>&#8211; La viol\u00e8ncia contra la dona \u00e9s conseq\u00fc\u00e8ncia de la discriminaci\u00f3 que pateix, tant en les lleis com en la pr\u00e0ctica.<\/p>\n<p>&#8211; La viol\u00e8ncia contra la dona afecta i impedeix l&#8217;aven\u00e7 en diferents \u00e0mbits, inclosa l&#8217;eradicaci\u00f3 de la pobresa, la lluita contra el VIH\/SIDA i la pau i la seguretat.<\/p>\n<p>&#8211; La viol\u00e8ncia contra les dones i les nenes es pot evitar. La prevenci\u00f3 \u00e9s possible i essencial.<\/p>\n<p>&#8211; La viol\u00e8ncia contra la dona segueix essent una pand\u00e8mia global. Fins a un 70% de les dones del m\u00f3n pateixen viol\u00e8ncia a la seva vida. Es calcula que entre mig mili\u00f3 i 2 milions de persones s\u00f3n v\u00edctimes cada any a nivell mundial de tr\u00e0fic, el que porta a la prostituci\u00f3, a la realitzaci\u00f3 de treballs for\u00e7ats, a l&#8217;esclavitud o servitud. Les dones i les nenes representen al voltant del 80% d&#8217;aquestes v\u00edctimes.<\/p>\n<p>Les principals institucions catalanes, Generalitat de Catalunya, les diputacions provincials, l&#8217;Associaci\u00f3 Catalana de Municipis i la Federaci\u00f3 de Municipis de Catalunya han presentat la <a href=\"http:\/\/dones.gencat.cat\/web\/.content\/04_temes\/docs\/manifest25n.pdf\">Declaraci\u00f3 institucional que podeu consultar en aquest enlla\u00e7<\/a>.<\/p>\n<p>A nivell comarcal, dem\u00e0 25 de novembre diverses entitats han organitzat un seguit d&#8217;activitats per commemorar aquesta diada que podeu<a href=\"https:\/\/inclusioaltemporda.cat\/portal\/wp-content\/uploads\/activitats-25-novembre-2014-1.pdf\"> consultar en aquest enlla\u00e7<\/a>.<\/p>\n<p>D&#8217;altra banda, en el marc de l&#8217;exposici\u00f3 col\u00b7lectiva &#8220;<em>El meu cos, els meus drets<\/em>&#8221; a la galeria Dolors Vent\u00f3s de Figueres, el proper 27 de novembre tindr\u00e0 lloc una xerrada organitzada per Amnistia Internacional sobre els drets en el treball sexual, informaci\u00f3 que podeu <a href=\"https:\/\/inclusioaltemporda.cat\/portal\/wp-content\/uploads\/Cartell-informatiu-25N-Amnistia-Internacional-Galeria-Dolors-Vent\u00f3s.pdf\">consultar en aquest nou enlla\u00e7<\/a>.<\/p>\n<p>&nbsp;<\/p>\n","protected":false},"excerpt":{"rendered":"<p>El 25 de Novembre \u00e9s el Dia Internacional de l&#8217;eliminaci\u00f3 de la viol\u00e8ncia contra la dona, data escollida per Nacions Unides. Consulteu els actes programats a la comarca.<\/p>\n","protected":false},"author":3,"featured_media":4806,"comment_status":"closed","ping_status":"closed","sticky":false,"template":"","format":"standard","meta":{"footnotes":""},"categories":[106,33,100,101,105,104,103,1,108,102,11],"tags":[],"class_list":["post-4800","post","type-post","status-publish","format-standard","has-post-thumbnail","hentry","category-administracions","category-agenda","category-area-benestar","category-ciutadania","category-empreses","category-entitats-socials","category-estudiants-escoles-instituts","category-general","category-mitjans-comunicacio","category-professionals-ambit-social","category-taula-inclusio","category-106","category-33","category-100","category-101","category-105","category-104","category-103","category-1","category-108","category-102","category-11","description-off"],"_links":{"self":[{"href":"https:\/\/inclusioaltemporda.cat\/portal\/wp-json\/wp\/v2\/posts\/4800","targetHints":{"allow":["GET"]}}],"collection":[{"href":"https:\/\/inclusioaltemporda.cat\/portal\/wp-json\/wp\/v2\/posts"}],"about":[{"href":"https:\/\/inclusioaltemporda.cat\/portal\/wp-json\/wp\/v2\/types\/post"}],"author":[{"embeddable":true,"href":"https:\/\/inclusioaltemporda.cat\/portal\/wp-json\/wp\/v2\/users\/3"}],"replies":[{"embeddable":true,"href":"https:\/\/inclusioaltemporda.cat\/portal\/wp-json\/wp\/v2\/comments?post=4800"}],"version-history":[{"count":3,"href":"https:\/\/inclusioaltemporda.cat\/portal\/wp-json\/wp\/v2\/posts\/4800\/revisions"}],"predecessor-version":[{"id":4805,"href":"https:\/\/inclusioaltemporda.cat\/portal\/wp-json\/wp\/v2\/posts\/4800\/revisions\/4805"}],"wp:featuredmedia":[{"embeddable":true,"href":"https:\/\/inclusioaltemporda.cat\/portal\/wp-json\/wp\/v2\/media\/4806"}],"wp:attachment":[{"href":"https:\/\/inclusioaltemporda.cat\/portal\/wp-json\/wp\/v2\/media?parent=4800"}],"wp:term":[{"taxonomy":"category","embeddable":true,"href":"https:\/\/inclusioaltemporda.cat\/portal\/wp-json\/wp\/v2\/categories?post=4800"},{"taxonomy":"post_tag","embeddable":true,"href":"https:\/\/inclusioaltemporda.cat\/portal\/wp-json\/wp\/v2\/tags?post=4800"}],"curies":[{"name":"wp","href":"https:\/\/api.w.org\/{rel}","templated":true}]}}