{"id":4811,"date":"2014-11-25T10:04:17","date_gmt":"2014-11-25T09:04:17","guid":{"rendered":"https:\/\/inclusioaltemporda.cat\/portal\/?p=4811"},"modified":"2016-02-01T09:25:48","modified_gmt":"2016-02-01T08:25:48","slug":"la-taula-inclusio-alt-emporda-publica-linforme-social-2013","status":"publish","type":"post","link":"https:\/\/inclusioaltemporda.cat\/portal\/la-taula-inclusio-alt-emporda-publica-linforme-social-2013\/","title":{"rendered":"La Taula Inclusi\u00f3 Alt Empord\u00e0 publica l&#8217;Informe Social 2013"},"content":{"rendered":"<p>La Taula per a la Inclusi\u00f3 i la Cohesi\u00f3 Social de l&#8217;Alt Empord\u00e0 i l&#8217;Observatori d&#8217;Inclusi\u00f3 de l&#8217;Alt Empord\u00e0 han elaborat el tercer Informe Social de l&#8217;Alt Empord\u00e0 que recull dades de context i atenci\u00f3 del sector social de la comarca de l&#8217;exercici 2013. L&#8217;Informe respon a la voluntat de les entitats socials i de l&#8217;administraci\u00f3 comarcal de facilitar informaci\u00f3 peri\u00f2dica de l&#8217;evoluci\u00f3 de la realitat social de la comarca i al comprom\u00eds de compartir informaci\u00f3 sobre el territori.<\/p>\n<p>Aquest tercer informe recull dades globals de l&#8217;any 2013 referides a l&#8217;evoluci\u00f3 del context econ\u00f2mic, laboral i social a la comarca i dades referides a l&#8217;activitat de les entitats socials i l&#8217;\u00c0rea de Benestar del Consell Comarcal. Al llarg de l&#8217;any 2013 es van registrar prop de 25.800 persones ateses a la comarca, dada que reuneix l&#8217;activitat de 10 entitats de la comarca i del Consell Comarcal, constatant com l&#8217;increment d&#8217;atencions \u00e9s constant des de l&#8217;inici de la crisi econ\u00f2mica.<\/p>\n<p>L&#8217;Informe Social, que es publica amb una periodicitat anual, presenta dades concretes dels diferents \u00e0mbits d&#8217;inclusi\u00f3 social (econ\u00f2mic, laboral, formatiu, salut, habitatge, relacional i ciutad\u00e0) que posen en relaci\u00f3 l&#8217;activitat duta a terme per l&#8217;administraci\u00f3 comarcal, les entitats socials del territori i els principals indicadors de context en cada \u00e0mbit.<\/p>\n<p>Podeu consultar l&#8217;Informe Social 2013 en <a href=\"https:\/\/inclusioaltemporda.cat\/portal\/wp-content\/uploads\/Informe-social-2013.pdf\" target=\"_blank\">aquest enlla\u00e7<\/a> i la resta d&#8217;informes publicats a l&#8217;espai web de l&#8217;<a href=\"https:\/\/inclusioaltemporda.cat\/portal\/observatori\/\">Observatori d&#8217;Inclusi\u00f3 social de l&#8217;Alt Empord\u00e0<\/a>.<\/p>\n<p>&nbsp;<\/p>\n<p>&nbsp;<\/p>\n","protected":false},"excerpt":{"rendered":"<p>La Taula i l&#8217;Observatori d&#8217;Inclusi\u00f3 de l&#8217;Alt Empord\u00e0 han elaborat el tercer Informe Social de l&#8217;Alt Empord\u00e0 que recull dades del sector social de la comarca de l&#8217;exercici 2013<\/p>\n","protected":false},"author":2,"featured_media":1830,"comment_status":"closed","ping_status":"closed","sticky":false,"template":"","format":"standard","meta":{"footnotes":""},"categories":[106,100,107,101,104,103,1,108,13,12,102,11],"tags":[],"class_list":["post-4811","post","type-post","status-publish","format-standard","has-post-thumbnail","hentry","category-administracions","category-area-benestar","category-centres-recerca-universitats","category-ciutadania","category-entitats-socials","category-estudiants-escoles-instituts","category-general","category-mitjans-comunicacio","category-observatori-inclusio-social-alt-emporda","category-pla-dinclusio-2","category-professionals-ambit-social","category-taula-inclusio","category-106","category-100","category-107","category-101","category-104","category-103","category-1","category-108","category-13","category-12","category-102","category-11","description-off"],"_links":{"self":[{"href":"https:\/\/inclusioaltemporda.cat\/portal\/wp-json\/wp\/v2\/posts\/4811","targetHints":{"allow":["GET"]}}],"collection":[{"href":"https:\/\/inclusioaltemporda.cat\/portal\/wp-json\/wp\/v2\/posts"}],"about":[{"href":"https:\/\/inclusioaltemporda.cat\/portal\/wp-json\/wp\/v2\/types\/post"}],"author":[{"embeddable":true,"href":"https:\/\/inclusioaltemporda.cat\/portal\/wp-json\/wp\/v2\/users\/2"}],"replies":[{"embeddable":true,"href":"https:\/\/inclusioaltemporda.cat\/portal\/wp-json\/wp\/v2\/comments?post=4811"}],"version-history":[{"count":4,"href":"https:\/\/inclusioaltemporda.cat\/portal\/wp-json\/wp\/v2\/posts\/4811\/revisions"}],"predecessor-version":[{"id":4820,"href":"https:\/\/inclusioaltemporda.cat\/portal\/wp-json\/wp\/v2\/posts\/4811\/revisions\/4820"}],"wp:featuredmedia":[{"embeddable":true,"href":"https:\/\/inclusioaltemporda.cat\/portal\/wp-json\/wp\/v2\/media\/1830"}],"wp:attachment":[{"href":"https:\/\/inclusioaltemporda.cat\/portal\/wp-json\/wp\/v2\/media?parent=4811"}],"wp:term":[{"taxonomy":"category","embeddable":true,"href":"https:\/\/inclusioaltemporda.cat\/portal\/wp-json\/wp\/v2\/categories?post=4811"},{"taxonomy":"post_tag","embeddable":true,"href":"https:\/\/inclusioaltemporda.cat\/portal\/wp-json\/wp\/v2\/tags?post=4811"}],"curies":[{"name":"wp","href":"https:\/\/api.w.org\/{rel}","templated":true}]}}