{"id":4823,"date":"2014-11-28T10:27:03","date_gmt":"2014-11-28T09:27:03","guid":{"rendered":"https:\/\/inclusioaltemporda.cat\/portal\/?p=4823"},"modified":"2016-02-01T09:25:48","modified_gmt":"2016-02-01T08:25:48","slug":"conferencia-cultures-en-xarxa-4","status":"publish","type":"post","link":"https:\/\/inclusioaltemporda.cat\/portal\/conferencia-cultures-en-xarxa-4\/","title":{"rendered":"Confer\u00e8ncia &#8220;Cultures en Xarxa 4&#8221;"},"content":{"rendered":"<p>Aquest vespre la <a href=\"http:\/\/www.xarxadeconvivencia.com\/\" target=\"_blank\">Xarxa de Conviv\u00e8ncia de Roses<\/a> organitza la confer\u00e8ncia \u201cCultures en Xarxa 4\u2033 a les 20 hores al Teatre Municipal de Roses, per tal de compartir l&#8217;experi\u00e8ncia de treball del projecte que enguany celebra el quart aniversari.<\/p>\n<p>Cultures en Xarxa \u00e9s el nom d\u2019un projecte juvenil que des de fa 4 anys la Xarxa de Conviv\u00e8ncia de Roses desenvolupen amb l\u2019objectiu de treballar la inteculturalitat, la toler\u00e0ncia i la cohesi\u00f3 entre dues cultures diferents a trav\u00e9s de la participaci\u00f3 dels joves<\/p>\n<p>L&#8217;activitat central del projecte \u00e9s la visita al Marroc, que s&#8217;ha dut a terme aquest mes de novembre, que permet a un grup de joves de Roses con\u00e8ixer i viure la realitat d&#8217;aquesta pa\u00eds d&#8217;\u00c0frica, i alhora fomentar valors com el respecte i l&#8217;empatia en diferents \u00e0mbits de la vida marroquina. Aquesta edici\u00f3 del Cultures en Xarxa tamb\u00e9 ha dut a terme la campanya &#8220;Un llapis un somriure&#8221; amb l&#8217;objectiu de recollir material escolar per als centres escolars m\u00e9s necessitats del Marroc.<\/p>\n<p>&nbsp;<\/p>\n","protected":false},"excerpt":{"rendered":"<p>Aquest vespre la Xarxa de Conviv\u00e8ncia de Roses organitza la confer\u00e8ncia \u201cCultures en Xarxa 4\u2033 a les 20 hores al Teatre Municipal de Roses, per tal de compartir l&#8217;experi\u00e8ncia de treball del projecte que enguany celebra el quart aniversari.<\/p>\n","protected":false},"author":2,"featured_media":3809,"comment_status":"closed","ping_status":"closed","sticky":false,"template":"","format":"standard","meta":{"footnotes":""},"categories":[106,101,104,103,1,108,11],"tags":[],"class_list":["post-4823","post","type-post","status-publish","format-standard","has-post-thumbnail","hentry","category-administracions","category-ciutadania","category-entitats-socials","category-estudiants-escoles-instituts","category-general","category-mitjans-comunicacio","category-taula-inclusio","category-106","category-101","category-104","category-103","category-1","category-108","category-11","description-off"],"_links":{"self":[{"href":"https:\/\/inclusioaltemporda.cat\/portal\/wp-json\/wp\/v2\/posts\/4823","targetHints":{"allow":["GET"]}}],"collection":[{"href":"https:\/\/inclusioaltemporda.cat\/portal\/wp-json\/wp\/v2\/posts"}],"about":[{"href":"https:\/\/inclusioaltemporda.cat\/portal\/wp-json\/wp\/v2\/types\/post"}],"author":[{"embeddable":true,"href":"https:\/\/inclusioaltemporda.cat\/portal\/wp-json\/wp\/v2\/users\/2"}],"replies":[{"embeddable":true,"href":"https:\/\/inclusioaltemporda.cat\/portal\/wp-json\/wp\/v2\/comments?post=4823"}],"version-history":[{"count":2,"href":"https:\/\/inclusioaltemporda.cat\/portal\/wp-json\/wp\/v2\/posts\/4823\/revisions"}],"predecessor-version":[{"id":4825,"href":"https:\/\/inclusioaltemporda.cat\/portal\/wp-json\/wp\/v2\/posts\/4823\/revisions\/4825"}],"wp:featuredmedia":[{"embeddable":true,"href":"https:\/\/inclusioaltemporda.cat\/portal\/wp-json\/wp\/v2\/media\/3809"}],"wp:attachment":[{"href":"https:\/\/inclusioaltemporda.cat\/portal\/wp-json\/wp\/v2\/media?parent=4823"}],"wp:term":[{"taxonomy":"category","embeddable":true,"href":"https:\/\/inclusioaltemporda.cat\/portal\/wp-json\/wp\/v2\/categories?post=4823"},{"taxonomy":"post_tag","embeddable":true,"href":"https:\/\/inclusioaltemporda.cat\/portal\/wp-json\/wp\/v2\/tags?post=4823"}],"curies":[{"name":"wp","href":"https:\/\/api.w.org\/{rel}","templated":true}]}}