{"id":4827,"date":"2014-12-01T09:27:41","date_gmt":"2014-12-01T08:27:41","guid":{"rendered":"https:\/\/inclusioaltemporda.cat\/portal\/?p=4827"},"modified":"2016-02-01T09:25:48","modified_gmt":"2016-02-01T08:25:48","slug":"leaia-alt-emporda-participa-en-un-formacio-del-projecte-la-meva-familia-macull","status":"publish","type":"post","link":"https:\/\/inclusioaltemporda.cat\/portal\/leaia-alt-emporda-participa-en-un-formacio-del-projecte-la-meva-familia-macull\/","title":{"rendered":"L&#8217;EAIA-Alt Empord\u00e0 participa en un formaci\u00f3 del projecte &#8220;La meva fam\u00edlia m&#8217;acull&#8221;"},"content":{"rendered":"<p>L&#8217;Equip d&#8217;atenci\u00f3 a la inf\u00e0ncia i l&#8217;adolesc\u00e8ncia de l&#8217;Alt Empord\u00e0 (EAIA) participar\u00e0 aquesta setmana en el curs de formaci\u00f3 dels professionals que implementaran el Programa de formaci\u00f3 per a l&#8217;acolliment en fam\u00edlia extensa en el marc del <a href=\"http:\/\/benestar.gencat.cat\/web\/.content\/01departament\/08publicacions\/coleccions\/papers_accio_social\/num_26\/papers_26_familia_acull.pdf\" target=\"_blank\">Projecte &#8220;La meva fam\u00edlia m\u2019acull&#8221;<\/a>.<\/p>\n<p>L&#8217;objectiu d&#8217;aquest curs \u00e9s el de capacitar el professionals que participaran com a formadors del programa de formaci\u00f3 per a l&#8217;acolliment en fam\u00edlia extensa. La formaci\u00f3, que ser\u00e0 impartida per Catedr\u00e0tic de la Universitat de Barcelona Pere Amor\u00f3s, comptar\u00e0 amb la col\u00b7laboraci\u00f3 de l&#8217;EAIA de l&#8217;Alt Empord\u00e0 i del recentment creat Servei d&#8217;intervenci\u00f3 en fam\u00edlies extenses (SIFE).<\/p>\n<p>Aquesta acci\u00f3 est\u00e0 impulsada per la <a href=\"http:\/\/benestar.gencat.cat\/ca\/el_departament\/funcions_i_estructura\/organismes\/secretaria_dinfancia_i_adolescencia\/\" target=\"_blank\">DGAIA <\/a>en col\u00b7laboraci\u00f3 amb l&#8217;<a href=\"http:\/\/obrasocial.lacaixa.es\/ambitos\/caixaproinfancia\/caixaproinfancia_es.html\" target=\"_blank\">Obra Social &#8220;La Caixa&#8221;<\/a> i el <a href=\"http:\/\/www.ub.edu\/grisij\/?lang=ca\" target=\"_blank\">Grup de recerca sobre intervencions socioeducatives a la Inf\u00e0ncia i la Joventut (GRISIJ)<\/a> de la UB<\/p>\n<p style=\"margin-left: 1.27cm; margin-bottom: 0cm; line-height: 100%;\" align=\"justify\"><span style=\"font-family: Cambria,serif;\"><span style=\"font-size: medium;\"><span style=\"font-size: small;\"><span lang=\"ca-ES\">\u00a0<\/span><\/span><\/span><\/span><\/p>\n","protected":false},"excerpt":{"rendered":"<p>L&#8217;Equip d&#8217;atenci\u00f3 a la inf\u00e0ncia i l&#8217;adolesc\u00e8ncia participar\u00e0 aquesta setmana en el curs de formaci\u00f3 dels professionals que implementaran el Programa de formaci\u00f3 per a l&#8217;acolliment en fam\u00edlia extensa<\/p>\n","protected":false},"author":2,"featured_media":4350,"comment_status":"closed","ping_status":"closed","sticky":false,"template":"","format":"standard","meta":{"footnotes":""},"categories":[106,100,101,1,108,102],"tags":[],"class_list":["post-4827","post","type-post","status-publish","format-standard","has-post-thumbnail","hentry","category-administracions","category-area-benestar","category-ciutadania","category-general","category-mitjans-comunicacio","category-professionals-ambit-social","category-106","category-100","category-101","category-1","category-108","category-102","description-off"],"_links":{"self":[{"href":"https:\/\/inclusioaltemporda.cat\/portal\/wp-json\/wp\/v2\/posts\/4827","targetHints":{"allow":["GET"]}}],"collection":[{"href":"https:\/\/inclusioaltemporda.cat\/portal\/wp-json\/wp\/v2\/posts"}],"about":[{"href":"https:\/\/inclusioaltemporda.cat\/portal\/wp-json\/wp\/v2\/types\/post"}],"author":[{"embeddable":true,"href":"https:\/\/inclusioaltemporda.cat\/portal\/wp-json\/wp\/v2\/users\/2"}],"replies":[{"embeddable":true,"href":"https:\/\/inclusioaltemporda.cat\/portal\/wp-json\/wp\/v2\/comments?post=4827"}],"version-history":[{"count":4,"href":"https:\/\/inclusioaltemporda.cat\/portal\/wp-json\/wp\/v2\/posts\/4827\/revisions"}],"predecessor-version":[{"id":4831,"href":"https:\/\/inclusioaltemporda.cat\/portal\/wp-json\/wp\/v2\/posts\/4827\/revisions\/4831"}],"wp:featuredmedia":[{"embeddable":true,"href":"https:\/\/inclusioaltemporda.cat\/portal\/wp-json\/wp\/v2\/media\/4350"}],"wp:attachment":[{"href":"https:\/\/inclusioaltemporda.cat\/portal\/wp-json\/wp\/v2\/media?parent=4827"}],"wp:term":[{"taxonomy":"category","embeddable":true,"href":"https:\/\/inclusioaltemporda.cat\/portal\/wp-json\/wp\/v2\/categories?post=4827"},{"taxonomy":"post_tag","embeddable":true,"href":"https:\/\/inclusioaltemporda.cat\/portal\/wp-json\/wp\/v2\/tags?post=4827"}],"curies":[{"name":"wp","href":"https:\/\/api.w.org\/{rel}","templated":true}]}}