{"id":4836,"date":"2014-12-03T08:44:36","date_gmt":"2014-12-03T07:44:36","guid":{"rendered":"https:\/\/inclusioaltemporda.cat\/portal\/?p=4836"},"modified":"2016-02-01T09:25:47","modified_gmt":"2016-02-01T08:25:47","slug":"els-fills-i-filles-de-la-immigracio-i-el-mercat-de-treball","status":"publish","type":"post","link":"https:\/\/inclusioaltemporda.cat\/portal\/els-fills-i-filles-de-la-immigracio-i-el-mercat-de-treball\/","title":{"rendered":"NOSA+ALTRES &#8217;14 &#8220;Els fills i filles de la immigraci\u00f3 i el mercat de treball&#8221;"},"content":{"rendered":"<p>Durant tot el mat\u00ed una cinquantena de professionals de diversos \u00e0mbits participaran en la 9a edici\u00f3 del cicle de <a href=\"https:\/\/inclusioaltemporda.cat\/portal\/wp-content\/uploads\/Diptic-Jornades-MOS+ALTRES-2014.pdf\">jornades NOS+ALTRES<\/a>.<\/p>\n<p>L&#8217;edici\u00f3 d&#8217;enguany, organitzada pel Consell Comarcal de l&#8217;Alt Empord\u00e0\u00a0i l&#8217;Ajuntament de Figueres amb el suport de la Direcci\u00f3 General per a la Immigraci\u00f3, proposa una reflexi\u00f3 centrada en una aproximaci\u00f3 sociol\u00f2gica als fills i filles de la immigraci\u00f3\u00a0i en analitzar la seva incorporaci\u00f3 al mercat laboral.<\/p>\n<p>La Jornada Nos+Altres comptar\u00e0 amb la participaci\u00f3 del psic\u00f2leg i escriptor Said el Kadaoui Moussaoui, que impartir\u00e0 la pon\u00e8ncia \u201cIdentitats complexes. M\u00faltiplement arrelats o desarrelats. Ser fills de persones immigrades i no morir en l&#8217;intent&#8221; i de la soci\u00f2loga Judit Font Redolad, que impartir\u00e0 la pon\u00e8ncia &#8220;Immigraci\u00f3 i societat: la incorporaci\u00f3 dels fills i filles de la immigraci\u00f3 al mercat de treball&#8221;.<\/p>\n<p>En el marc d&#8217;aquesta jornada tamb\u00e9 es presentaran les experi\u00e8ncies de treball dutes a terme a Sant Pere Pescador (projecte La Cuina Premi Inclusi\u00f3 2013) per Mireia Veh\u00ed i Montse Boher de la Cooperativa Eines, el projecte EFCI per al foment de l&#8217;emprenedoria amb dones nouvingudes (Premis Nayra 2013) a c\u00e0rrec de la Fundaci\u00f3 Plataforma Educativa i la recerca &#8220;La realitat formativa i laboral dels i les joves fills i filles de fam\u00edlies migrades residents a l&#8217;Alt Empord\u00e0&#8221; A c\u00e0rrec de la Fundaci\u00f3 Surt.<\/p>\n<p>Podeu seguir el desenvolupament de la jornada a trav\u00e9s del hashtag <a href=\"https:\/\/twitter.com\/hashtag\/nosaltres14?f=realtime&amp;src=hash\">#nosaltres14<\/a> i a trav\u00e9s del nostre perfil a Twitter <a href=\"https:\/\/twitter.com\/AEmpordainclou\" target=\"_blank\">@AEmpordainclou <\/a><\/p>\n<p>&nbsp;<\/p>\n<p>&nbsp;<\/p>\n","protected":false},"excerpt":{"rendered":"<p>Durant tot el mat\u00ed una cinquantena de professionals de diversos \u00e0mbits participaran en el cicle de jornades NOS+ALTRES 2014 que enguany celebra la 9a edici\u00f3<\/p>\n","protected":false},"author":2,"featured_media":3936,"comment_status":"closed","ping_status":"closed","sticky":false,"template":"","format":"standard","meta":{"footnotes":""},"categories":[106,33,100,107,101,105,104,103,1,108,102,11],"tags":[],"class_list":["post-4836","post","type-post","status-publish","format-standard","has-post-thumbnail","hentry","category-administracions","category-agenda","category-area-benestar","category-centres-recerca-universitats","category-ciutadania","category-empreses","category-entitats-socials","category-estudiants-escoles-instituts","category-general","category-mitjans-comunicacio","category-professionals-ambit-social","category-taula-inclusio","category-106","category-33","category-100","category-107","category-101","category-105","category-104","category-103","category-1","category-108","category-102","category-11","description-off"],"_links":{"self":[{"href":"https:\/\/inclusioaltemporda.cat\/portal\/wp-json\/wp\/v2\/posts\/4836","targetHints":{"allow":["GET"]}}],"collection":[{"href":"https:\/\/inclusioaltemporda.cat\/portal\/wp-json\/wp\/v2\/posts"}],"about":[{"href":"https:\/\/inclusioaltemporda.cat\/portal\/wp-json\/wp\/v2\/types\/post"}],"author":[{"embeddable":true,"href":"https:\/\/inclusioaltemporda.cat\/portal\/wp-json\/wp\/v2\/users\/2"}],"replies":[{"embeddable":true,"href":"https:\/\/inclusioaltemporda.cat\/portal\/wp-json\/wp\/v2\/comments?post=4836"}],"version-history":[{"count":5,"href":"https:\/\/inclusioaltemporda.cat\/portal\/wp-json\/wp\/v2\/posts\/4836\/revisions"}],"predecessor-version":[{"id":4841,"href":"https:\/\/inclusioaltemporda.cat\/portal\/wp-json\/wp\/v2\/posts\/4836\/revisions\/4841"}],"wp:featuredmedia":[{"embeddable":true,"href":"https:\/\/inclusioaltemporda.cat\/portal\/wp-json\/wp\/v2\/media\/3936"}],"wp:attachment":[{"href":"https:\/\/inclusioaltemporda.cat\/portal\/wp-json\/wp\/v2\/media?parent=4836"}],"wp:term":[{"taxonomy":"category","embeddable":true,"href":"https:\/\/inclusioaltemporda.cat\/portal\/wp-json\/wp\/v2\/categories?post=4836"},{"taxonomy":"post_tag","embeddable":true,"href":"https:\/\/inclusioaltemporda.cat\/portal\/wp-json\/wp\/v2\/tags?post=4836"}],"curies":[{"name":"wp","href":"https:\/\/api.w.org\/{rel}","templated":true}]}}