{"id":4842,"date":"2014-12-04T08:00:52","date_gmt":"2014-12-04T07:00:52","guid":{"rendered":"https:\/\/inclusioaltemporda.cat\/portal\/?p=4842"},"modified":"2016-02-01T09:25:47","modified_gmt":"2016-02-01T08:25:47","slug":"finalitzen-amb-exit-els-projectes-premiats-pels-premis-inclusio-social-alt-emporda-2013","status":"publish","type":"post","link":"https:\/\/inclusioaltemporda.cat\/portal\/finalitzen-amb-exit-els-projectes-premiats-pels-premis-inclusio-social-alt-emporda-2013\/","title":{"rendered":"Finalitzen amb \u00e8xit els projectes premiats pels Premis Inclusi\u00f3 Social Alt Empord\u00e0 2013"},"content":{"rendered":"<p>Aquest mes de novembre ha finalitzat el per\u00edode d&#8217;implementaci\u00f3 dels dos projectes d&#8217;intervenci\u00f3 social premiats en l&#8217;edici\u00f3 2013 dels Premis Inclusi\u00f3 Social Alt Empord\u00e0.<\/p>\n<p>En la primera edici\u00f3 dels Premis es va premiar la proposta d&#8217;emprenedoria social &#8220;La Cuina, cooperativisme a foc lent&#8221; que ha dut a terme els darrers mesos el projecte amb l&#8217;objectiu de promoure l&#8217;acci\u00f3 comunit\u00e0ria i l&#8217;economia social i cooperativa per fer front a la precarietat de les economies dom\u00e8stiques, l&#8217;atur de llarga durada i els efectes de la crisi en determinats sectors vulnerables de la societat en el municipi de Sant Pere Pescador. L&#8217;experi\u00e8ncia de treball en els municipis ha afavorit la creaci\u00f3 d&#8217;un espai de treball<\/p>\n<p>Per altra banda tamb\u00e9 es va atorgar un acc\u00e8ssit al projecte &#8220;El Tamariu-Projecte laboral Reciclatge de Paper&#8221; presentat per l&#8217;Associaci\u00f3 Tamariu de Castell\u00f3 d&#8217;Emp\u00faries, que ha desenvolupat aquest projecte d&#8217;integraci\u00f3 sociolaboral amb joves amb discapacitat intel\u00b7lectual a la comarca de l&#8217;Alt Empord\u00e0.<\/p>\n<p>Malauradament la convocat\u00f2ria d&#8217;enguany no ha estat tan reeixida i el Jurat dels Premis Inclusi\u00f3 ha decidit declarar desert el Premi Inclusi\u00f3 Alt Empord\u00e0 2014. A parer dels membres del Jurat els projectes presentats no complien suficientment els requisits establerts a la convocat\u00f2ria.<\/p>\n<p>Atesa aquest circumst\u00e0ncia s&#8217;ha acordat avan\u00e7ar la convocat\u00f2ria del Premi 2015 per al proper mes de febrer.<\/p>\n<p>La iniciativa del lliurament dels Premis d&#8217;Inclusi\u00f3 Social neix del Pla per a la Inclusi\u00f3 i la Cohesi\u00f3 Social de l&#8217;Alt Empord\u00e0 2013-2016 i t\u00e9 com a finalitat fer emergir i finan\u00e7ar iniciatives innovadores dirigides a promoure processos d&#8217;inclusi\u00f3 social per millorar les condicions de vida de la poblaci\u00f3 de la comarca i refor\u00e7ar la cohesi\u00f3 social.<\/p>\n<p>&nbsp;<\/p>\n","protected":false},"excerpt":{"rendered":"<p>Aquest mes de novembre ha finalitzat el per\u00edode d&#8217;implementaci\u00f3 dels dos projectes d&#8217;intervenci\u00f3 social premiats en l&#8217;edici\u00f3 2013 dels Premis Inclusi\u00f3 Social Alt Empord\u00e0.<\/p>\n","protected":false},"author":2,"featured_media":2927,"comment_status":"closed","ping_status":"closed","sticky":false,"template":"","format":"standard","meta":{"footnotes":""},"categories":[106,100,107,101,105,104,1,108,11],"tags":[],"class_list":["post-4842","post","type-post","status-publish","format-standard","has-post-thumbnail","hentry","category-administracions","category-area-benestar","category-centres-recerca-universitats","category-ciutadania","category-empreses","category-entitats-socials","category-general","category-mitjans-comunicacio","category-taula-inclusio","category-106","category-100","category-107","category-101","category-105","category-104","category-1","category-108","category-11","description-off"],"_links":{"self":[{"href":"https:\/\/inclusioaltemporda.cat\/portal\/wp-json\/wp\/v2\/posts\/4842","targetHints":{"allow":["GET"]}}],"collection":[{"href":"https:\/\/inclusioaltemporda.cat\/portal\/wp-json\/wp\/v2\/posts"}],"about":[{"href":"https:\/\/inclusioaltemporda.cat\/portal\/wp-json\/wp\/v2\/types\/post"}],"author":[{"embeddable":true,"href":"https:\/\/inclusioaltemporda.cat\/portal\/wp-json\/wp\/v2\/users\/2"}],"replies":[{"embeddable":true,"href":"https:\/\/inclusioaltemporda.cat\/portal\/wp-json\/wp\/v2\/comments?post=4842"}],"version-history":[{"count":3,"href":"https:\/\/inclusioaltemporda.cat\/portal\/wp-json\/wp\/v2\/posts\/4842\/revisions"}],"predecessor-version":[{"id":4844,"href":"https:\/\/inclusioaltemporda.cat\/portal\/wp-json\/wp\/v2\/posts\/4842\/revisions\/4844"}],"wp:featuredmedia":[{"embeddable":true,"href":"https:\/\/inclusioaltemporda.cat\/portal\/wp-json\/wp\/v2\/media\/2927"}],"wp:attachment":[{"href":"https:\/\/inclusioaltemporda.cat\/portal\/wp-json\/wp\/v2\/media?parent=4842"}],"wp:term":[{"taxonomy":"category","embeddable":true,"href":"https:\/\/inclusioaltemporda.cat\/portal\/wp-json\/wp\/v2\/categories?post=4842"},{"taxonomy":"post_tag","embeddable":true,"href":"https:\/\/inclusioaltemporda.cat\/portal\/wp-json\/wp\/v2\/tags?post=4842"}],"curies":[{"name":"wp","href":"https:\/\/api.w.org\/{rel}","templated":true}]}}