{"id":4854,"date":"2014-12-09T08:30:20","date_gmt":"2014-12-09T07:30:20","guid":{"rendered":"https:\/\/inclusioaltemporda.cat\/portal\/?p=4854"},"modified":"2016-02-01T09:25:47","modified_gmt":"2016-02-01T08:25:47","slug":"professionals-de-larea-de-benestar-participen-en-la-conferencia-final-del-projecte-labour-plus","status":"publish","type":"post","link":"https:\/\/inclusioaltemporda.cat\/portal\/professionals-de-larea-de-benestar-participen-en-la-conferencia-final-del-projecte-labour-plus\/","title":{"rendered":"Professionals de l&#8217;\u00c0rea de Benestar participen en la Confer\u00e8ncia final del projecte Labour Plus"},"content":{"rendered":"<p>Aquesta setmana professionals l&#8217;\u00c0rea de Benestar del Consell Comarcal de l&#8217;Alt Empord\u00e0 participen en la Confer\u00e8ncia final del projecte europeu <a href=\"http:\/\/www.labourplus.eu\/\" target=\"_blank\">Labour Plus<\/a>, que porta per t\u00edtol <a href=\"http:\/\/www.labourplus.eu\/images\/program_closing_conference_Labour_Plus.pdf\" target=\"_blank\">&#8220;Compartint accions locals per a la millora de la participaci\u00f3 de les minories \u00e8tniques&#8221;<\/a>.<\/p>\n<p>Les sessions de treball de la Confer\u00e8ncia final es centraran en con\u00e8ixer els principals resultats generats pel projecte de cooperaci\u00f3 interregional, i alhora per fer balan\u00e7 del seu funcionament. Com la resta de trobades esdevingudes al llarg dels tres anys de durada del projecte, la confer\u00e8ncia final ser\u00e0 una oportunitat per compartir coneixement i bones pr\u00e0ctiques en els \u00e0mbits de l&#8217;educaci\u00f3, la formaci\u00f3 i el treball amb poblaci\u00f3 d&#8217;origen immigrant i d&#8217;\u00e8tnia gitana. Aquesta activitat es dur\u00e0 a terme a la ciutat belga d&#8217;Anvers i ser\u00e0 acollida per l&#8217;<a href=\"http:\/\/www.labourplus.eu\/index.php\/partners\/9-projects-partners\/19-antwerp-centre-for-minorities\" target=\"_blank\">Antwerp Centre for Minorities<\/a>.<\/p>\n<p>En el marc de la Confer\u00e8ncia final diferents socis del projecte presentaran els resultats generats per l&#8217;intercanvi d&#8217;experi\u00e8ncies, una de les principals iniciatives del projecte centrada en la transfer\u00e8ncia de bones pr\u00e0ctiques entre els mateixos socis. Labour Plus ha acollit fins a 8 intercanvis de bones pr\u00e0ctiques en l&#8217;\u00e0mbit d&#8217;intervenci\u00f3 del projecte. El Consell Comarcal de l&#8217;Alt Empord\u00e0 presentar\u00e0 l&#8217;intercanvi de bona pr\u00e0ctica amb municipi holand\u00e8s de de Nieuwegein, que va permetre dur a terme la Jornada de formaci\u00f3 &#8220;<a href=\"https:\/\/inclusioaltemporda.cat\/portal\/mirades-plurals-la-gestio-de-la-diversitat-des-del-territori-jornada-labour-plus-a-figueres\/\" target=\"_blank\">Mirades plurals, la gesti\u00f3 de la diversitat a l&#8217;Alt Empord\u00e0<\/a>&#8221; i dissenyar un recurs socioeducatiu per refor\u00e7ar les capacitats i compet\u00e8ncies per a la inserci\u00f3 dels joves la comarca. Podeu consultar la presentaci\u00f3 en <a href=\"https:\/\/inclusioaltemporda.cat\/portal\/wp-content\/uploads\/Antwerp-Presentation.pdf\">aquest enlla\u00e7<\/a>.<\/p>\n<p>En el decurs d&#8217;aquesta activitat tamb\u00e9 es presentar\u00e0 el Document de Recomanacions Pol\u00edtiques elaborat a partir dels coneixements te\u00f2rics i pr\u00e0ctics acumulats des de la posada en funcionament del Labour Plus. Per altra banda, tamb\u00e9 es presentar\u00e0 l&#8217;an\u00e0lisi realitzat per l&#8217;equip del projecte Labour Plus del Consell Comarcal sobre els Plans d&#8217;Implementaci\u00f3 local, elaborats per tots els socis en que es recullen els seus compromisos en relaci\u00f3 a les pol\u00edtiques d&#8217;inclusi\u00f3 sociolaboral per a la poblaci\u00f3 amb major risc d&#8217;exclusi\u00f3 social. Podeu consultar la presentaci\u00f3 en <a href=\"https:\/\/inclusioaltemporda.cat\/portal\/wp-content\/uploads\/LIPs-presentation_Antwerp-11_12_14.pdf\" target=\"_blank\">aquest enlla\u00e7<\/a>.<\/p>\n<p>Podeu seguir el desenvolupament de la Confer\u00e8ncia final a trav\u00e9s del perfil de twitter de l&#8217;\u00c0rea de Benestar del Consell Comarcal <a href=\"https:\/\/twitter.com\/aempordainclou\" target=\"_blank\">@AEmpordainclou<\/a> i del hashtag <a href=\"https:\/\/twitter.com\/hashtag\/labourplus\" target=\"_blank\">#LabourPlus<\/a>.<\/p>\n<p>El projecte Labour Plus, cofinan\u00e7at per la Uni\u00f3 Europea (Interreg IVC), est\u00e0 integrat per 11 socis i t\u00e9 com a finalitat intercanviar experi\u00e8ncies a nivell europeu i dissenyar una eina d\u2019integraci\u00f3 laboral per millorar la situaci\u00f3 sociolaboral de la poblaci\u00f3 d\u2019origen immigrant.<\/p>\n","protected":false},"excerpt":{"rendered":"<p>Aquesta setmana professionals del Consell Comarcal de l&#8217;Alt Empord\u00e0 participen en la Confer\u00e8ncia Europea &#8220;Compartint accions locals per a la millora de la participaci\u00f3 de les minories \u00e8tniques&#8221;.<\/p>\n","protected":false},"author":2,"featured_media":3621,"comment_status":"closed","ping_status":"closed","sticky":false,"template":"","format":"standard","meta":{"footnotes":""},"categories":[106,100,107,101,105,104,103,1,108,12,111],"tags":[],"class_list":["post-4854","post","type-post","status-publish","format-standard","has-post-thumbnail","hentry","category-administracions","category-area-benestar","category-centres-recerca-universitats","category-ciutadania","category-empreses","category-entitats-socials","category-estudiants-escoles-instituts","category-general","category-mitjans-comunicacio","category-pla-dinclusio-2","category-projectes-internacionals","category-106","category-100","category-107","category-101","category-105","category-104","category-103","category-1","category-108","category-12","category-111","description-off"],"_links":{"self":[{"href":"https:\/\/inclusioaltemporda.cat\/portal\/wp-json\/wp\/v2\/posts\/4854","targetHints":{"allow":["GET"]}}],"collection":[{"href":"https:\/\/inclusioaltemporda.cat\/portal\/wp-json\/wp\/v2\/posts"}],"about":[{"href":"https:\/\/inclusioaltemporda.cat\/portal\/wp-json\/wp\/v2\/types\/post"}],"author":[{"embeddable":true,"href":"https:\/\/inclusioaltemporda.cat\/portal\/wp-json\/wp\/v2\/users\/2"}],"replies":[{"embeddable":true,"href":"https:\/\/inclusioaltemporda.cat\/portal\/wp-json\/wp\/v2\/comments?post=4854"}],"version-history":[{"count":4,"href":"https:\/\/inclusioaltemporda.cat\/portal\/wp-json\/wp\/v2\/posts\/4854\/revisions"}],"predecessor-version":[{"id":4860,"href":"https:\/\/inclusioaltemporda.cat\/portal\/wp-json\/wp\/v2\/posts\/4854\/revisions\/4860"}],"wp:featuredmedia":[{"embeddable":true,"href":"https:\/\/inclusioaltemporda.cat\/portal\/wp-json\/wp\/v2\/media\/3621"}],"wp:attachment":[{"href":"https:\/\/inclusioaltemporda.cat\/portal\/wp-json\/wp\/v2\/media?parent=4854"}],"wp:term":[{"taxonomy":"category","embeddable":true,"href":"https:\/\/inclusioaltemporda.cat\/portal\/wp-json\/wp\/v2\/categories?post=4854"},{"taxonomy":"post_tag","embeddable":true,"href":"https:\/\/inclusioaltemporda.cat\/portal\/wp-json\/wp\/v2\/tags?post=4854"}],"curies":[{"name":"wp","href":"https:\/\/api.w.org\/{rel}","templated":true}]}}