{"id":4880,"date":"2015-01-12T09:22:52","date_gmt":"2015-01-12T08:22:52","guid":{"rendered":"https:\/\/inclusioaltemporda.cat\/portal\/?p=4880"},"modified":"2016-02-01T09:25:46","modified_gmt":"2016-02-01T08:25:46","slug":"programa-joves-per-a-locupacio-per-a-joves-aturats-de-la-comarca-2","status":"publish","type":"post","link":"https:\/\/inclusioaltemporda.cat\/portal\/programa-joves-per-a-locupacio-per-a-joves-aturats-de-la-comarca-2\/","title":{"rendered":"Programa Joves per a l&#8217;Ocupaci\u00f3 per a joves aturats de la comarca"},"content":{"rendered":"<p>El Servei municipal d&#8217;informaci\u00f3 i orientaci\u00f3 laboral (SMIO) de l&#8217;\u00e0rea de Promoci\u00f3 Econ\u00f2mica de l&#8217;Ajuntament de Figueres va posar en marxa el mes de desembre passat el <a href=\"https:\/\/inclusioaltemporda.cat\/portal\/wp-content\/uploads\/Cartell-difusi%C3%B3-JPO2014.pdf\" target=\"_blank\">programa &#8220;Joves per a l&#8217;Ocupaci\u00f3&#8221;<\/a> que ofereix formaci\u00f3 amb experi\u00e8ncia pr\u00e0ctica a joves aturats de la comarca.<\/p>\n<p>Aquest programa est\u00e0 adre\u00e7at a joves d&#8217;entre 16 i 24 anys aturats, inscrits a l&#8217;Oficina de Treball de la Generalitat com a demandants de feina no ocupats, i amb abandonament d&#8217;estudis reglats (ESO, PQPI, CFGM, Batxillerat), disposin o no del Graduat en ESO. Enguany tamb\u00e9 \u00e9s requisit imprescindible que els joves estiguin inscrits al <a href=\"https:\/\/inclusioaltemporda.cat\/portal\/?p=4725\" target=\"_blank\">Registre de Garantia Juvenil<\/a> que gestionat per l\u2019Oficina Jove Alt Empord\u00e0.<\/p>\n<p>Joves per l&#8217;ocupaci\u00f3, que estar\u00e0 vigent fins el 31 de desembre de 2015, ofereix 2 formacions professionalitzadores: Ajudant de cambrer amb franc\u00e8s (235hores) i Caixer de comer\u00e7 amb franc\u00e8s (218 hores).<\/p>\n<p>Els mesos de gener i febrer es far\u00e0 la selecci\u00f3 dels i les participants (fins a un total de 40). Si teniu inter\u00e8s a con\u00e8ixer m\u00e9s informaci\u00f3 sobre aquest programa us podeu adre\u00e7ar al SMIO (Servei diari d&#8217;atenci\u00f3 al p\u00fablic. De 8,30 a 14,30 h. Avda. M\u00aa \u00c0ngels Anglada, 15;\u00a0 tel\u00e8fon 972 674261)<\/p>\n<p>&nbsp;<\/p>\n<p>&nbsp;<\/p>\n<p>&nbsp;<\/p>\n<p>&nbsp;<\/p>\n","protected":false},"excerpt":{"rendered":"<p>Obert el per\u00edode de selecci\u00f3 de participants del programa adre\u00e7at a joves de 16-24 anys aturats que han abandonat recentment estudis reglats<\/p>\n","protected":false},"author":2,"featured_media":4892,"comment_status":"closed","ping_status":"closed","sticky":false,"template":"","format":"standard","meta":{"footnotes":""},"categories":[106,101,105,103,1,108],"tags":[24,65],"class_list":["post-4880","post","type-post","status-publish","format-standard","has-post-thumbnail","hentry","category-administracions","category-ciutadania","category-empreses","category-estudiants-escoles-instituts","category-general","category-mitjans-comunicacio","tag-inclusio-social","tag-joves","category-106","category-101","category-105","category-103","category-1","category-108","description-off"],"_links":{"self":[{"href":"https:\/\/inclusioaltemporda.cat\/portal\/wp-json\/wp\/v2\/posts\/4880","targetHints":{"allow":["GET"]}}],"collection":[{"href":"https:\/\/inclusioaltemporda.cat\/portal\/wp-json\/wp\/v2\/posts"}],"about":[{"href":"https:\/\/inclusioaltemporda.cat\/portal\/wp-json\/wp\/v2\/types\/post"}],"author":[{"embeddable":true,"href":"https:\/\/inclusioaltemporda.cat\/portal\/wp-json\/wp\/v2\/users\/2"}],"replies":[{"embeddable":true,"href":"https:\/\/inclusioaltemporda.cat\/portal\/wp-json\/wp\/v2\/comments?post=4880"}],"version-history":[{"count":7,"href":"https:\/\/inclusioaltemporda.cat\/portal\/wp-json\/wp\/v2\/posts\/4880\/revisions"}],"predecessor-version":[{"id":4889,"href":"https:\/\/inclusioaltemporda.cat\/portal\/wp-json\/wp\/v2\/posts\/4880\/revisions\/4889"}],"wp:featuredmedia":[{"embeddable":true,"href":"https:\/\/inclusioaltemporda.cat\/portal\/wp-json\/wp\/v2\/media\/4892"}],"wp:attachment":[{"href":"https:\/\/inclusioaltemporda.cat\/portal\/wp-json\/wp\/v2\/media?parent=4880"}],"wp:term":[{"taxonomy":"category","embeddable":true,"href":"https:\/\/inclusioaltemporda.cat\/portal\/wp-json\/wp\/v2\/categories?post=4880"},{"taxonomy":"post_tag","embeddable":true,"href":"https:\/\/inclusioaltemporda.cat\/portal\/wp-json\/wp\/v2\/tags?post=4880"}],"curies":[{"name":"wp","href":"https:\/\/api.w.org\/{rel}","templated":true}]}}