{"id":4900,"date":"2015-01-16T10:36:27","date_gmt":"2015-01-16T09:36:27","guid":{"rendered":"https:\/\/inclusioaltemporda.cat\/portal\/?p=4900"},"modified":"2016-02-01T09:25:45","modified_gmt":"2016-02-01T08:25:45","slug":"opinio-professional-surfejar-el-conflicte","status":"publish","type":"post","link":"https:\/\/inclusioaltemporda.cat\/portal\/opinio-professional-surfejar-el-conflicte\/","title":{"rendered":"Opini\u00f3 professional: Surfejar el conflicte"},"content":{"rendered":"<p>L\u2019espai professional d\u2019aquest web us ofereix un nou article elaborat per Daniel S\u00e0nchez, educador social de l&#8217;\u00e0rea de Benestar social del Consell Comarcal, que aporta elements per a la reflexi\u00f3 entorn el paper que el conflicte t\u00e9, i pot tenir, en la intervenci\u00f3 que es fa des dels serveis d&#8217;atenci\u00f3 social prim\u00e0ria.<\/p>\n<p>Us convidem a llegir l\u2018article en <a href=\"https:\/\/inclusioaltemporda.cat\/portal\/wp-content\/uploads\/Conflicte-i-intervencio_Dani-Sanchez.pdf\" target=\"_blank\">aquest enlla\u00e7<\/a> i tamb\u00e9 a visitar regularment la <a href=\"https:\/\/inclusioaltemporda.cat\/portal\/professionals\/\" target=\"_blank\">p\u00e0gina dedicada als professionals de l\u2019\u00e0mbit social<\/a> de la nostra web, on hi trobareu m\u00e9s articles de reflexi\u00f3 sobre la nostra pr\u00e0ctica professional.<\/p>\n","protected":false},"excerpt":{"rendered":"<p>Us oferim un nou article de l&#8217;espai Opini\u00f3 professional elaborat per l&#8217;educador social del Consell Daniel S\u00e0nchez en que reflexiona sobre el paper del conflicte en la intervenci\u00f3 social<\/p>\n","protected":false},"author":2,"featured_media":1705,"comment_status":"closed","ping_status":"closed","sticky":false,"template":"","format":"standard","meta":{"footnotes":""},"categories":[106,100,107,101,104,103,1,108,102],"tags":[],"class_list":["post-4900","post","type-post","status-publish","format-standard","has-post-thumbnail","hentry","category-administracions","category-area-benestar","category-centres-recerca-universitats","category-ciutadania","category-entitats-socials","category-estudiants-escoles-instituts","category-general","category-mitjans-comunicacio","category-professionals-ambit-social","category-106","category-100","category-107","category-101","category-104","category-103","category-1","category-108","category-102","description-off"],"_links":{"self":[{"href":"https:\/\/inclusioaltemporda.cat\/portal\/wp-json\/wp\/v2\/posts\/4900","targetHints":{"allow":["GET"]}}],"collection":[{"href":"https:\/\/inclusioaltemporda.cat\/portal\/wp-json\/wp\/v2\/posts"}],"about":[{"href":"https:\/\/inclusioaltemporda.cat\/portal\/wp-json\/wp\/v2\/types\/post"}],"author":[{"embeddable":true,"href":"https:\/\/inclusioaltemporda.cat\/portal\/wp-json\/wp\/v2\/users\/2"}],"replies":[{"embeddable":true,"href":"https:\/\/inclusioaltemporda.cat\/portal\/wp-json\/wp\/v2\/comments?post=4900"}],"version-history":[{"count":5,"href":"https:\/\/inclusioaltemporda.cat\/portal\/wp-json\/wp\/v2\/posts\/4900\/revisions"}],"predecessor-version":[{"id":5017,"href":"https:\/\/inclusioaltemporda.cat\/portal\/wp-json\/wp\/v2\/posts\/4900\/revisions\/5017"}],"wp:featuredmedia":[{"embeddable":true,"href":"https:\/\/inclusioaltemporda.cat\/portal\/wp-json\/wp\/v2\/media\/1705"}],"wp:attachment":[{"href":"https:\/\/inclusioaltemporda.cat\/portal\/wp-json\/wp\/v2\/media?parent=4900"}],"wp:term":[{"taxonomy":"category","embeddable":true,"href":"https:\/\/inclusioaltemporda.cat\/portal\/wp-json\/wp\/v2\/categories?post=4900"},{"taxonomy":"post_tag","embeddable":true,"href":"https:\/\/inclusioaltemporda.cat\/portal\/wp-json\/wp\/v2\/tags?post=4900"}],"curies":[{"name":"wp","href":"https:\/\/api.w.org\/{rel}","templated":true}]}}