{"id":4910,"date":"2015-01-30T08:54:01","date_gmt":"2015-01-30T07:54:01","guid":{"rendered":"https:\/\/inclusioaltemporda.cat\/portal\/?p=4910"},"modified":"2016-02-01T09:25:44","modified_gmt":"2016-02-01T08:25:44","slug":"informe-sobre-la-poblacio-estrangera-a-la-comarca-de-lalt-emporda-2","status":"publish","type":"post","link":"https:\/\/inclusioaltemporda.cat\/portal\/informe-sobre-la-poblacio-estrangera-a-la-comarca-de-lalt-emporda-2\/","title":{"rendered":"Informe sobre la poblaci\u00f3 estrangera a la comarca de l&#8217;Alt Empord\u00e0"},"content":{"rendered":"<p>L&#8217;\u00e0rea de Benestar del Consell Comarcal presenta l&#8217;informe estad\u00edstic sobre la poblaci\u00f3 estrangera a l&#8217;Alt Empord\u00e0 amb les darreres dades disponibles de l&#8217;evoluci\u00f3 del fenomen migratori a la comarca.<\/p>\n<p>Aquest Informe, que es publica anualment, t\u00e9 com a finalitat oferir als diversos agents del territori l&#8217;evoluci\u00f3 de les principals dades sociodemogr\u00e0fiques relatives a la poblaci\u00f3 d&#8217;origen estranger i el seu impacte en la realitat social i econ\u00f2mica de la comarca.<\/p>\n<p>Enguany les dades posen de manifest que des de l&#8217;any 2000 s&#8217;ha ampliat la diversitat d&#8217;or\u00edgens culturals en un breu per\u00edode de temps a l&#8217;Alt Empord\u00e0. Tanmateix, el 2014 va ser el primer any des de que s&#8217;elabora aquest informe (2002) en que es va registrar una disminuci\u00f3 de la poblaci\u00f3 d&#8217;origen estranger respecte l&#8217;any anterior. A gener de 2014 la poblaci\u00f3 d&#8217;origen estranger empadronada a la comarca representava el 27,57% del total de la poblaci\u00f3, xifra que se situa a un nivell similar a la de l&#8217;any 2010. Per \u00e0rea geogr\u00e0fica d&#8217;origen, la poblaci\u00f3 de la Uni\u00f3 Europea representava el 37%, la del nord d&#8217;\u00c0frica el 30% i la d&#8217;Am\u00e8rica Llatina el 18%. Els homes representaven el 53% de la poblaci\u00f3 d&#8217;origen estranger i les dones el 47%.<\/p>\n<p>Com en l&#8217;edici\u00f3 anterior aquest informe recull un apartat amb dades sobre l&#8217;impacte de la crisi en el mercat de treball i en la poblaci\u00f3 d&#8217;origen immigrant activa laboralment. Les dades de contractaci\u00f3 enregistrada a la comarca durant la primera d\u00e8cada del segle XXI indiquen el pes important de la poblaci\u00f3 estrangera en el mercat de treball de la comarca. Fins l&#8217;any 2010, del conjunt de contractes enregistrats un 38% corresponien a poblaci\u00f3 d&#8217;origen estranger, arribant al 43,8% l&#8217;any 2008. L&#8217;any 2013 aquesta xifra va disminuir fins a un 33% (tres punts inferior a l&#8217;any anterior), com a conseq\u00fc\u00e8ncia dels efectes de la crisi en la destrucci\u00f3 d&#8217;ocupaci\u00f3. Les dades d&#8217;atur registrades indiquen l&#8217;impacte de la crisi en els sectors de producci\u00f3 en qu\u00e8 majorit\u00e0riament estava ocupada la poblaci\u00f3 d&#8217;origen immigrant. Aix\u00ed, des de l&#8217;inici de la crisi econ\u00f2mica la proporci\u00f3 de poblaci\u00f3 estrangera aturada ha crescut gaireb\u00e9 8 punts percentuals, fins a situar-se en el 37,5% l&#8217;any 2013.<\/p>\n<p>Si teniu inter\u00e8s a con\u00e8ixer amb m\u00e9s detall aquest Informe us el podeu descarregar en aquest enlla\u00e7: <a href=\"https:\/\/inclusioaltemporda.cat\/portal\/wp-content\/uploads\/Informe-estad\u00edstic-vdef_2014.pdf\">Informe sobre la poblaci\u00f3 estrangera a l&#8217;Alt Empord\u00e0<\/a><\/p>\n<p><!--:--><\/p>\n","protected":false},"excerpt":{"rendered":"<p>L&#8217;\u00e0rea de Benestar del Consell Comarcal presenta l&#8217;informe que recull les darreres dades disponibles de l&#8217;evoluci\u00f3 del fenomen migratori a la comarca.<\/p>\n","protected":false},"author":2,"featured_media":4932,"comment_status":"closed","ping_status":"closed","sticky":false,"template":"","format":"standard","meta":{"footnotes":""},"categories":[106,100,107,101,103,1,108,13],"tags":[24,62,16],"class_list":["post-4910","post","type-post","status-publish","format-standard","has-post-thumbnail","hentry","category-administracions","category-area-benestar","category-centres-recerca-universitats","category-ciutadania","category-estudiants-escoles-instituts","category-general","category-mitjans-comunicacio","category-observatori-inclusio-social-alt-emporda","tag-inclusio-social","tag-pla-ciutadania-i-immigracio","tag-pla-inclusio","category-106","category-100","category-107","category-101","category-103","category-1","category-108","category-13","description-off"],"_links":{"self":[{"href":"https:\/\/inclusioaltemporda.cat\/portal\/wp-json\/wp\/v2\/posts\/4910","targetHints":{"allow":["GET"]}}],"collection":[{"href":"https:\/\/inclusioaltemporda.cat\/portal\/wp-json\/wp\/v2\/posts"}],"about":[{"href":"https:\/\/inclusioaltemporda.cat\/portal\/wp-json\/wp\/v2\/types\/post"}],"author":[{"embeddable":true,"href":"https:\/\/inclusioaltemporda.cat\/portal\/wp-json\/wp\/v2\/users\/2"}],"replies":[{"embeddable":true,"href":"https:\/\/inclusioaltemporda.cat\/portal\/wp-json\/wp\/v2\/comments?post=4910"}],"version-history":[{"count":6,"href":"https:\/\/inclusioaltemporda.cat\/portal\/wp-json\/wp\/v2\/posts\/4910\/revisions"}],"predecessor-version":[{"id":4985,"href":"https:\/\/inclusioaltemporda.cat\/portal\/wp-json\/wp\/v2\/posts\/4910\/revisions\/4985"}],"wp:featuredmedia":[{"embeddable":true,"href":"https:\/\/inclusioaltemporda.cat\/portal\/wp-json\/wp\/v2\/media\/4932"}],"wp:attachment":[{"href":"https:\/\/inclusioaltemporda.cat\/portal\/wp-json\/wp\/v2\/media?parent=4910"}],"wp:term":[{"taxonomy":"category","embeddable":true,"href":"https:\/\/inclusioaltemporda.cat\/portal\/wp-json\/wp\/v2\/categories?post=4910"},{"taxonomy":"post_tag","embeddable":true,"href":"https:\/\/inclusioaltemporda.cat\/portal\/wp-json\/wp\/v2\/tags?post=4910"}],"curies":[{"name":"wp","href":"https:\/\/api.w.org\/{rel}","templated":true}]}}