{"id":4951,"date":"2015-01-30T12:55:21","date_gmt":"2015-01-30T11:55:21","guid":{"rendered":"https:\/\/inclusioaltemporda.cat\/portal\/?p=4951"},"modified":"2016-02-01T09:25:44","modified_gmt":"2016-02-01T08:25:44","slug":"larea-de-benestar-participa-en-la-jornada-transfronterera-sobre-lacompanyament-a-les-persones-vulnerables-a-perpignan","status":"publish","type":"post","link":"https:\/\/inclusioaltemporda.cat\/portal\/larea-de-benestar-participa-en-la-jornada-transfronterera-sobre-lacompanyament-a-les-persones-vulnerables-a-perpignan\/","title":{"rendered":"L&#8217;\u00e0rea de Benestar participa en una Jornada transfronterera sobre l&#8217;acompanyament a les persones vulnerables"},"content":{"rendered":"<p>Un grup de professionals de l&#8217;\u00e0rea de Benestar del Consell Comarcal va participar ahir en una Jornada transfronterera sobre l&#8217;acompanyament a les persones vulnerables que va tenir lloc a la seu de l&#8217;<a href=\"http:\/\/www.irts-lr.fr\/irts-lr-perpignan.html\">IRTS de Perpignan<\/a>.<\/p>\n<p>Aquesta jornada, organitzada conjuntament per diverses administracions i agents del territori transfronterer, ha tingut com a objectiu intercanviar informaci\u00f3 i coneixement sobre els recursos i estrat\u00e8gies d&#8217;intervenci\u00f3 social orientades a donar suport a les persones vulnerables en l&#8217;espai transfronterer i s&#8217;ha centrat igualment en establir noves propostes de cooperaci\u00f3 en aquest \u00e0mbit.<\/p>\n<p>M\u00e9s espec\u00edficament els objectius concrets de la jornada s&#8217;han centrat en:<\/p>\n<p>1) Donar a con\u00e8ixer quins s\u00f3n els principals agents de Catalunya i de la regi\u00f3 Pyr\u00e9n\u00e9es-Orientales que intervenen en l&#8217;\u00e0mbit social<\/p>\n<p>2) Identificar problem\u00e0tiques comunes en l&#8217;espai transfronterer<\/p>\n<p>3) Con\u00e8ixer els m\u00e8todes de treball, les pol\u00edtiques socials, els dispositius en cada pa\u00eds<\/p>\n<p>4) Identificar espais de col.laboraci\u00f3 futura.<\/p>\n<p>Els membres del grup de treball han estat els seg\u00fcents: Consell Comarcal de l&#8217;Alt Empord\u00e0, Ajuntament de Figueres, C\u00e0ritas Girona, Creu Roja Girona, Maison Social de Proximit\u00e9 de C\u00e9ret et Cerdagne-Capcir, Caisse d&#8217;Allocations familiales des Pyr\u00e9n\u00e9es-Orientales, entre d&#8217;altres, i han estat acompanyats en aquest proc\u00e9s des del mes de juny de 2014 pel PRDS (P\u00f4le Ressources <span class=\"st\">de D\u00e9veloppement Social) de l&#8217;IRTS de Perpignan.<\/span><\/p>\n<p>En el marc d&#8217;aquests jornades, la coordinadora de serveis socials de l&#8217;\u00e0rea de Benestar, Carme Ortega, va presentar el funcionament del serveis socials a la comarca alhora que altres professionals van dinamitzar i participar en tallers espec\u00edfics sobre la protecci\u00f3 de l&#8217;inf\u00e0ncia, l&#8217;acompanyament a les persones en l&#8217;acc\u00e9s als drets socials i l&#8217;acompanyament a les persones d&#8217;origen immigrant.<\/p>\n<p>&nbsp;<\/p>\n","protected":false},"excerpt":{"rendered":"<p>Un grup de professionals de l&#8217;\u00e0rea de Benestar del Consell Comarcal va participar ahir en la Jornada transfronterera sobre l&#8217;acompanyament a les persones vulnerables que va tenir lloc a la seu de l&#8217;IRTS de Perpignan.<\/p>\n","protected":false},"author":3,"featured_media":4953,"comment_status":"closed","ping_status":"closed","sticky":false,"template":"","format":"standard","meta":{"footnotes":""},"categories":[106,100,107,101,105,104,1,108,102,111],"tags":[],"class_list":["post-4951","post","type-post","status-publish","format-standard","has-post-thumbnail","hentry","category-administracions","category-area-benestar","category-centres-recerca-universitats","category-ciutadania","category-empreses","category-entitats-socials","category-general","category-mitjans-comunicacio","category-professionals-ambit-social","category-projectes-internacionals","category-106","category-100","category-107","category-101","category-105","category-104","category-1","category-108","category-102","category-111","description-off"],"_links":{"self":[{"href":"https:\/\/inclusioaltemporda.cat\/portal\/wp-json\/wp\/v2\/posts\/4951","targetHints":{"allow":["GET"]}}],"collection":[{"href":"https:\/\/inclusioaltemporda.cat\/portal\/wp-json\/wp\/v2\/posts"}],"about":[{"href":"https:\/\/inclusioaltemporda.cat\/portal\/wp-json\/wp\/v2\/types\/post"}],"author":[{"embeddable":true,"href":"https:\/\/inclusioaltemporda.cat\/portal\/wp-json\/wp\/v2\/users\/3"}],"replies":[{"embeddable":true,"href":"https:\/\/inclusioaltemporda.cat\/portal\/wp-json\/wp\/v2\/comments?post=4951"}],"version-history":[{"count":4,"href":"https:\/\/inclusioaltemporda.cat\/portal\/wp-json\/wp\/v2\/posts\/4951\/revisions"}],"predecessor-version":[{"id":4956,"href":"https:\/\/inclusioaltemporda.cat\/portal\/wp-json\/wp\/v2\/posts\/4951\/revisions\/4956"}],"wp:featuredmedia":[{"embeddable":true,"href":"https:\/\/inclusioaltemporda.cat\/portal\/wp-json\/wp\/v2\/media\/4953"}],"wp:attachment":[{"href":"https:\/\/inclusioaltemporda.cat\/portal\/wp-json\/wp\/v2\/media?parent=4951"}],"wp:term":[{"taxonomy":"category","embeddable":true,"href":"https:\/\/inclusioaltemporda.cat\/portal\/wp-json\/wp\/v2\/categories?post=4951"},{"taxonomy":"post_tag","embeddable":true,"href":"https:\/\/inclusioaltemporda.cat\/portal\/wp-json\/wp\/v2\/tags?post=4951"}],"curies":[{"name":"wp","href":"https:\/\/api.w.org\/{rel}","templated":true}]}}