{"id":4977,"date":"2015-02-02T09:56:50","date_gmt":"2015-02-02T08:56:50","guid":{"rendered":"https:\/\/inclusioaltemporda.cat\/portal\/?p=4977"},"modified":"2016-02-01T09:25:44","modified_gmt":"2016-02-01T08:25:44","slug":"saproven-inicialment-les-bases-del-concurs-de-projectes-dinclusio-a-lalt-emporda-2","status":"publish","type":"post","link":"https:\/\/inclusioaltemporda.cat\/portal\/saproven-inicialment-les-bases-del-concurs-de-projectes-dinclusio-a-lalt-emporda-2\/","title":{"rendered":"S&#8217;aproven inicialment les bases del concurs de projectes d&#8217;Inclusi\u00f3 a l&#8217;Alt Empord\u00e0"},"content":{"rendered":"<p><!--:CA-->L&#8217;\u00e0rea de Benestar del CCAE posa en marxa una nova edici\u00f3 del Concurs de Projectes d&#8217;Inclusi\u00f3 Social a l&#8217;Alt Empord\u00e0 amb l&#8217;objectiu de fer emergir iniciatives innovadores en l&#8217;\u00e0mbit de la inclusi\u00f3 i la cohesi\u00f3 social i finan\u00e7ar projectes en el territori. Aquesta iniciativa, que s&#8217;emmarca en el Pla d&#8217;Inclusi\u00f3 i Cohesi\u00f3 Social de l&#8217;Alt Empord\u00e0, t\u00e9 com a finalitat millorar les condicions de vida de la poblaci\u00f3 de la comarca i refor\u00e7ar la cohesi\u00f3 social.<\/p>\n<p>Les bases del concurs de projectes d&#8217;Inclusi\u00f3 de l&#8217;Alt Empord\u00e0, aprovades inicialment pel Ple del Consell Comarcal el dia 27 de gener, estaran en per\u00edode d\u2019exposici\u00f3 p\u00fablica fins a mitjans del mes de mar\u00e7, i fins que no finalitzi aquest no seran vigents. Es poden consultar en <a href=\"https:\/\/inclusioaltemporda.cat\/portal\/wp-content\/uploads\/Bases-Concurs-2015.pdf\">aquest enlla\u00e7<\/a>.<\/p>\n<p>Podran participar en el Concurs persones f\u00edsiques, entitats sense \u00e0nim de lucre, associacions, petites i mitjanes empreses i equips o centres de recerca d&#8217;universitats, que presentin projectes d&#8217;inclusi\u00f3 social a desenvolupar a la comarca de l&#8217;Alt Empord\u00e0 en municipis de fins a 20.000 habitants.<\/p>\n<p>L&#8217;objecte del Concurs \u00e9s atorgar ajut financer a projectes d&#8217;inclusi\u00f3 social perqu\u00e8 pugin ser executats entre agost de 2015 i juliol de 2016. Es valorar\u00e0 especialment aquells projectes amb perspectiva de g\u00e8nere orientats a promoure la inclusi\u00f3 social d&#8217;infants, adolescents, joves i les seves fam\u00edlies, i gent gran.<\/p>\n<p>Els \u00e0mbits d&#8217;aplicaci\u00f3 preferent en qu\u00e8 es podran definir els projectes d&#8217;inclusi\u00f3 social seran el formatiu i laboral, el residencial-habitatge, el relacional (xarxes de suport i treball amb la comunitat), i el de la ciutadania\/poblaci\u00f3 origen immigrant. <!--:--><\/p>\n","protected":false},"excerpt":{"rendered":"<p>Aquesta convocat\u00f2ria vol fer emergir iniciatives innovadores en l&#8217;\u00e0mbit de la inclusi\u00f3 i la cohesi\u00f3 social i finan\u00e7ar projectes en el territori.<\/p>\n","protected":false},"author":2,"featured_media":2927,"comment_status":"closed","ping_status":"closed","sticky":false,"template":"","format":"standard","meta":{"footnotes":""},"categories":[106,100,107,101,105,104,103,1,108,12,11],"tags":[],"class_list":["post-4977","post","type-post","status-publish","format-standard","has-post-thumbnail","hentry","category-administracions","category-area-benestar","category-centres-recerca-universitats","category-ciutadania","category-empreses","category-entitats-socials","category-estudiants-escoles-instituts","category-general","category-mitjans-comunicacio","category-pla-dinclusio-2","category-taula-inclusio","category-106","category-100","category-107","category-101","category-105","category-104","category-103","category-1","category-108","category-12","category-11","description-off"],"_links":{"self":[{"href":"https:\/\/inclusioaltemporda.cat\/portal\/wp-json\/wp\/v2\/posts\/4977","targetHints":{"allow":["GET"]}}],"collection":[{"href":"https:\/\/inclusioaltemporda.cat\/portal\/wp-json\/wp\/v2\/posts"}],"about":[{"href":"https:\/\/inclusioaltemporda.cat\/portal\/wp-json\/wp\/v2\/types\/post"}],"author":[{"embeddable":true,"href":"https:\/\/inclusioaltemporda.cat\/portal\/wp-json\/wp\/v2\/users\/2"}],"replies":[{"embeddable":true,"href":"https:\/\/inclusioaltemporda.cat\/portal\/wp-json\/wp\/v2\/comments?post=4977"}],"version-history":[{"count":2,"href":"https:\/\/inclusioaltemporda.cat\/portal\/wp-json\/wp\/v2\/posts\/4977\/revisions"}],"predecessor-version":[{"id":5090,"href":"https:\/\/inclusioaltemporda.cat\/portal\/wp-json\/wp\/v2\/posts\/4977\/revisions\/5090"}],"wp:featuredmedia":[{"embeddable":true,"href":"https:\/\/inclusioaltemporda.cat\/portal\/wp-json\/wp\/v2\/media\/2927"}],"wp:attachment":[{"href":"https:\/\/inclusioaltemporda.cat\/portal\/wp-json\/wp\/v2\/media?parent=4977"}],"wp:term":[{"taxonomy":"category","embeddable":true,"href":"https:\/\/inclusioaltemporda.cat\/portal\/wp-json\/wp\/v2\/categories?post=4977"},{"taxonomy":"post_tag","embeddable":true,"href":"https:\/\/inclusioaltemporda.cat\/portal\/wp-json\/wp\/v2\/tags?post=4977"}],"curies":[{"name":"wp","href":"https:\/\/api.w.org\/{rel}","templated":true}]}}