{"id":4994,"date":"2015-02-03T09:17:55","date_gmt":"2015-02-03T08:17:55","guid":{"rendered":"https:\/\/inclusioaltemporda.cat\/portal\/?p=4994"},"modified":"2016-02-01T09:25:43","modified_gmt":"2016-02-01T08:25:43","slug":"5a-edicio-del-programa-okupalt","status":"publish","type":"post","link":"https:\/\/inclusioaltemporda.cat\/portal\/5a-edicio-del-programa-okupalt\/","title":{"rendered":"5a edici\u00f3 del Programa Okup&#8217;Alt"},"content":{"rendered":"<p>A finals del mes de gener s&#8217;ha posat en funcionament la cinquena edici\u00f3 del programa Okup\u2019Alt, una iniciativa coordinada des de l&#8217;\u00e0rea de Joventut del Consell Comarcal, que ofereix formaci\u00f3 d&#8217;oficis gratu\u00efta amb el suport dels ajuntaments i del teixit empresarial de la comarca a joves que no han tingut oportunitat de continuar els estudis o no troben feina. <\/p>\n<p>L&#8217;edici\u00f3 d&#8217;enguany ofereix formaci\u00f3 a 37 joves (10 noies i 27 nois) de diversos municipis de la comarca, que han estat seleccionats entre les 102 persones inscrites, en tres \u00e0mbits espec\u00edfics: tasques forestals, manteniment, i pintura, imatge i est\u00e8tica personal.<\/p>\n<p>La formaci\u00f3 es dur\u00e0 a terme al llarg dels propers 3 mesos. Els joves inscrits en els dos primers \u00e0mbits formatius realitzaran sessions de treball grupal i tasques de manteniment en els seg\u00fcents municipis de la comarca: Figueres, Llad\u00f3, Palau-saverdera, Llers, la Jonquera, Ventall\u00f3, Sant Miquel de Fluvi\u00e0, Espolla, l&#8217;Armentera, Boadella, Portbou, Sant Climent Sescebes, Pont\u00f3s, Avinyonet de Puigvent\u00f3s, el Port de la Selva, Roses, Cantallops, Cadaqu\u00e9s, Navata, Camallera i Albany\u00e0.<\/p>\n<p>El programa Okup&#8217;Alt tamb\u00e9 oferir\u00e0 als seus participants formaci\u00f3 espec\u00edfica per a la millora de les habilitats per a la recerca de feina.<\/p>\n","protected":false},"excerpt":{"rendered":"<p>El programa ofereix formaci\u00f3 des d&#8217;una perspectiva professionalitzadora a joves de la comarca que no han tingut oportunitat de continuar els estudis o no troben feina.<\/p>\n","protected":false},"author":2,"featured_media":3936,"comment_status":"closed","ping_status":"closed","sticky":false,"template":"","format":"standard","meta":{"footnotes":""},"categories":[106,101,105,104,103,1,108],"tags":[],"class_list":["post-4994","post","type-post","status-publish","format-standard","has-post-thumbnail","hentry","category-administracions","category-ciutadania","category-empreses","category-entitats-socials","category-estudiants-escoles-instituts","category-general","category-mitjans-comunicacio","category-106","category-101","category-105","category-104","category-103","category-1","category-108","description-off"],"_links":{"self":[{"href":"https:\/\/inclusioaltemporda.cat\/portal\/wp-json\/wp\/v2\/posts\/4994","targetHints":{"allow":["GET"]}}],"collection":[{"href":"https:\/\/inclusioaltemporda.cat\/portal\/wp-json\/wp\/v2\/posts"}],"about":[{"href":"https:\/\/inclusioaltemporda.cat\/portal\/wp-json\/wp\/v2\/types\/post"}],"author":[{"embeddable":true,"href":"https:\/\/inclusioaltemporda.cat\/portal\/wp-json\/wp\/v2\/users\/2"}],"replies":[{"embeddable":true,"href":"https:\/\/inclusioaltemporda.cat\/portal\/wp-json\/wp\/v2\/comments?post=4994"}],"version-history":[{"count":2,"href":"https:\/\/inclusioaltemporda.cat\/portal\/wp-json\/wp\/v2\/posts\/4994\/revisions"}],"predecessor-version":[{"id":4999,"href":"https:\/\/inclusioaltemporda.cat\/portal\/wp-json\/wp\/v2\/posts\/4994\/revisions\/4999"}],"wp:featuredmedia":[{"embeddable":true,"href":"https:\/\/inclusioaltemporda.cat\/portal\/wp-json\/wp\/v2\/media\/3936"}],"wp:attachment":[{"href":"https:\/\/inclusioaltemporda.cat\/portal\/wp-json\/wp\/v2\/media?parent=4994"}],"wp:term":[{"taxonomy":"category","embeddable":true,"href":"https:\/\/inclusioaltemporda.cat\/portal\/wp-json\/wp\/v2\/categories?post=4994"},{"taxonomy":"post_tag","embeddable":true,"href":"https:\/\/inclusioaltemporda.cat\/portal\/wp-json\/wp\/v2\/tags?post=4994"}],"curies":[{"name":"wp","href":"https:\/\/api.w.org\/{rel}","templated":true}]}}