{"id":5006,"date":"2015-02-05T10:12:58","date_gmt":"2015-02-05T09:12:58","guid":{"rendered":"https:\/\/inclusioaltemporda.cat\/portal\/?p=5006"},"modified":"2016-02-01T09:25:43","modified_gmt":"2016-02-01T08:25:43","slug":"opinio-professional-experiencia-de-practiques-al-sbas-de-castello-dempuries","status":"publish","type":"post","link":"https:\/\/inclusioaltemporda.cat\/portal\/opinio-professional-experiencia-de-practiques-al-sbas-de-castello-dempuries\/","title":{"rendered":"Opini\u00f3 professional: Experi\u00e8ncia de pr\u00e0ctiques al SBAS de Castell\u00f3 d&#8217;Emp\u00faries"},"content":{"rendered":"<p>L&#8217;Antonela Santill\u00e1n, estudiant del Grau en Treball Social a la Universitat de Girona, explica en el seu article la seva experi\u00e8ncia de pr\u00e0ctiques al SBAS de Castell\u00f3 d&#8217;Emp\u00faries.<\/p>\n<p><a href=\"https:\/\/inclusioaltemporda.cat\/portal\/wp-content\/uploads\/Experi%C3%A8ncia-de-pr%C3%A0ctiques-al-SBAS-de-Castell%C3%B3-dEmp%C3%BAries_Antonela-Santill%C3%A1n.pdf\">Podeu accedir a la seva reflexi\u00f3 en aquest enlla\u00e7<\/a> i podeu compartir les vostres opinions a trav\u00e9s de <em>twitter<\/em>. Us convidem a visitar regularment aquest Espai Professional en l&#8217;\u00e0mbit social que tenim al nostre web on trobareu altres articles d&#8217;opini\u00f3, iniciatives i experi\u00e8ncies d&#8217;intervenci\u00f3 a compartir entre professionals.<\/p>\n","protected":false},"excerpt":{"rendered":"<p>L&#8217;Antonela Santill\u00e1n, estudiant del Grau en Treball Social a la Universitat de Girona, explica en el seu article la seva experi\u00e8ncia de pr\u00e0ctiques al SBAS de Castell\u00f3 d&#8217;Emp\u00faries.<\/p>\n","protected":false},"author":2,"featured_media":2968,"comment_status":"closed","ping_status":"closed","sticky":false,"template":"","format":"standard","meta":{"footnotes":""},"categories":[106,33,100,107,101,104,103,1,108,13,102],"tags":[],"class_list":["post-5006","post","type-post","status-publish","format-standard","has-post-thumbnail","hentry","category-administracions","category-agenda","category-area-benestar","category-centres-recerca-universitats","category-ciutadania","category-entitats-socials","category-estudiants-escoles-instituts","category-general","category-mitjans-comunicacio","category-observatori-inclusio-social-alt-emporda","category-professionals-ambit-social","category-106","category-33","category-100","category-107","category-101","category-104","category-103","category-1","category-108","category-13","category-102","description-off"],"_links":{"self":[{"href":"https:\/\/inclusioaltemporda.cat\/portal\/wp-json\/wp\/v2\/posts\/5006","targetHints":{"allow":["GET"]}}],"collection":[{"href":"https:\/\/inclusioaltemporda.cat\/portal\/wp-json\/wp\/v2\/posts"}],"about":[{"href":"https:\/\/inclusioaltemporda.cat\/portal\/wp-json\/wp\/v2\/types\/post"}],"author":[{"embeddable":true,"href":"https:\/\/inclusioaltemporda.cat\/portal\/wp-json\/wp\/v2\/users\/2"}],"replies":[{"embeddable":true,"href":"https:\/\/inclusioaltemporda.cat\/portal\/wp-json\/wp\/v2\/comments?post=5006"}],"version-history":[{"count":4,"href":"https:\/\/inclusioaltemporda.cat\/portal\/wp-json\/wp\/v2\/posts\/5006\/revisions"}],"predecessor-version":[{"id":5030,"href":"https:\/\/inclusioaltemporda.cat\/portal\/wp-json\/wp\/v2\/posts\/5006\/revisions\/5030"}],"wp:featuredmedia":[{"embeddable":true,"href":"https:\/\/inclusioaltemporda.cat\/portal\/wp-json\/wp\/v2\/media\/2968"}],"wp:attachment":[{"href":"https:\/\/inclusioaltemporda.cat\/portal\/wp-json\/wp\/v2\/media?parent=5006"}],"wp:term":[{"taxonomy":"category","embeddable":true,"href":"https:\/\/inclusioaltemporda.cat\/portal\/wp-json\/wp\/v2\/categories?post=5006"},{"taxonomy":"post_tag","embeddable":true,"href":"https:\/\/inclusioaltemporda.cat\/portal\/wp-json\/wp\/v2\/tags?post=5006"}],"curies":[{"name":"wp","href":"https:\/\/api.w.org\/{rel}","templated":true}]}}