{"id":5051,"date":"2015-02-09T09:04:14","date_gmt":"2015-02-09T08:04:14","guid":{"rendered":"https:\/\/inclusioaltemporda.cat\/portal\/?p=5051"},"modified":"2016-02-01T09:25:42","modified_gmt":"2016-02-01T08:25:42","slug":"nova-edicio-de-la-campanya-dalimentacio-saludable-per-als-joves-de-la-comarca","status":"publish","type":"post","link":"https:\/\/inclusioaltemporda.cat\/portal\/nova-edicio-de-la-campanya-dalimentacio-saludable-per-als-joves-de-la-comarca\/","title":{"rendered":"Nova edici\u00f3 de la campanya d&#8217;alimentaci\u00f3 saludable per als joves de la comarca"},"content":{"rendered":"<p><strong><\/strong>La campanya d&#8217;alimentaci\u00f3 saludable adre\u00e7ada als joves de l\u2019Alt Empord\u00e0 pret\u00e9n millorar el seu comportament alimentari i forma part del projecte Salut Jove 2015 del Consell Comarcal.<\/p>\n<p>Les activitats tenen lloc en unes sessions de sensibilitzaci\u00f3 a l\u2019Escola d\u2019Hostaleria de Figueres que van comen\u00e7ar el mes de gener passat i que es tancaran el proper mes d\u2019abril. Enguany participen 6 centres de secund\u00e0ria de la comarca (3 de Figueres, 2 de Roses i 1 de Vilafant) i m\u00e9s de 450 joves d\u2019edats compreses entre els 15 i els 16 anys.<\/p>\n<p>L&#8217;acci\u00f3 est\u00e0 adre\u00e7ada als alumnes de 3er i 4t d\u2019ESO dels centres de secund\u00e0ria p\u00fablics i privats concertats de l\u2019Alt Empord\u00e0 i t\u00e9, entre d&#8217;altres objectius, informar sobre els valors i l\u2019aportaci\u00f3 energ\u00e8tica dels aliments, per promoure una reflexi\u00f3 sobre la import\u00e0ncia de l\u2019alimentaci\u00f3 en la seva salut. Totes les sessions inclouen informaci\u00f3 sobre els h\u00e0bits saludables per als adolescents, una xerrada sobre alimentaci\u00f3 i diet\u00e8tica, un taller de cuina i nutrici\u00f3, una xerrada informativa sobre els estudis que es poden realitzar a l&#8217;Escola d&#8217;Hostaleria de Figueres i un dinar pedag\u00f2gic servit al restaurant Tramuntana.<\/p>\n<p>La campanya d&#8217;alimentaci\u00f3 jove compta amb el suport de l\u2019Escola d\u2019Hostaleria de l\u2019Alt Empord\u00e0, la Diputaci\u00f3 de Girona i la Secretaria de Joventut de la Generalitat.<\/p>\n","protected":false},"excerpt":{"rendered":"<p>La campanya d&#8217;alimentaci\u00f3 saludable adre\u00e7ada als joves de l\u2019Alt Empord\u00e0 pret\u00e9n millorar el seu comportament alimentari i forma part del projecte Salut Jove 2015 del Consell Comarcal.<\/p>\n","protected":false},"author":3,"featured_media":2695,"comment_status":"closed","ping_status":"closed","sticky":false,"template":"","format":"standard","meta":{"footnotes":""},"categories":[106,101,105,104,103,1,108],"tags":[],"class_list":["post-5051","post","type-post","status-publish","format-standard","has-post-thumbnail","hentry","category-administracions","category-ciutadania","category-empreses","category-entitats-socials","category-estudiants-escoles-instituts","category-general","category-mitjans-comunicacio","category-106","category-101","category-105","category-104","category-103","category-1","category-108","description-off"],"_links":{"self":[{"href":"https:\/\/inclusioaltemporda.cat\/portal\/wp-json\/wp\/v2\/posts\/5051","targetHints":{"allow":["GET"]}}],"collection":[{"href":"https:\/\/inclusioaltemporda.cat\/portal\/wp-json\/wp\/v2\/posts"}],"about":[{"href":"https:\/\/inclusioaltemporda.cat\/portal\/wp-json\/wp\/v2\/types\/post"}],"author":[{"embeddable":true,"href":"https:\/\/inclusioaltemporda.cat\/portal\/wp-json\/wp\/v2\/users\/3"}],"replies":[{"embeddable":true,"href":"https:\/\/inclusioaltemporda.cat\/portal\/wp-json\/wp\/v2\/comments?post=5051"}],"version-history":[{"count":2,"href":"https:\/\/inclusioaltemporda.cat\/portal\/wp-json\/wp\/v2\/posts\/5051\/revisions"}],"predecessor-version":[{"id":5053,"href":"https:\/\/inclusioaltemporda.cat\/portal\/wp-json\/wp\/v2\/posts\/5051\/revisions\/5053"}],"wp:featuredmedia":[{"embeddable":true,"href":"https:\/\/inclusioaltemporda.cat\/portal\/wp-json\/wp\/v2\/media\/2695"}],"wp:attachment":[{"href":"https:\/\/inclusioaltemporda.cat\/portal\/wp-json\/wp\/v2\/media?parent=5051"}],"wp:term":[{"taxonomy":"category","embeddable":true,"href":"https:\/\/inclusioaltemporda.cat\/portal\/wp-json\/wp\/v2\/categories?post=5051"},{"taxonomy":"post_tag","embeddable":true,"href":"https:\/\/inclusioaltemporda.cat\/portal\/wp-json\/wp\/v2\/tags?post=5051"}],"curies":[{"name":"wp","href":"https:\/\/api.w.org\/{rel}","templated":true}]}}