{"id":5056,"date":"2015-02-16T09:27:33","date_gmt":"2015-02-16T08:27:33","guid":{"rendered":"https:\/\/inclusioaltemporda.cat\/portal\/?p=5056"},"modified":"2016-02-01T09:25:42","modified_gmt":"2016-02-01T08:25:42","slug":"el-consell-comarcal-aten-totes-les-sol%c2%b7licituds-dajudes-de-menjador-per-al-curs-2014-2015","status":"publish","type":"post","link":"https:\/\/inclusioaltemporda.cat\/portal\/el-consell-comarcal-aten-totes-les-sol%c2%b7licituds-dajudes-de-menjador-per-al-curs-2014-2015\/","title":{"rendered":"El Consell Comarcal at\u00e9n totes les sol\u00b7licituds d&#8217;ajudes de menjador per al curs 2014-2015"},"content":{"rendered":"<p>El Consell Comarcal at\u00e9n totes les sol\u00b7licituds rebudes d&#8217;ajudes de menjador per al curs actual. Un total de 1.858 alumnes de 63 escoles de la comarca tindran cobert\u00a0 total o parcialment el servei de menjador.<\/p>\n<p>La voluntat \u00e9s que no hi hagi cap nen o nena que es quedi sense menjador per raons socioecon\u00f2miques a la comarca. La consellera comarcal d\u2019Ensenyament, Montserrat Mindan, ha explicat que \u201cun curs m\u00e9s hem tingut una especial cura en tot aquest proc\u00e9s, ateses les circumst\u00e0ncies de precarietat econ\u00f2mica que pateix una part de la nostra societat i que hem d&#8217;evitar, de la forma que sigui, que tinguin incid\u00e8ncia en l&#8217;activitat normal dels alumnes que es troben en fase d&#8217;educaci\u00f3 reglada\u201d.<\/p>\n<p>El Consell Comarcal destinar\u00e0 913.000 euros a aquestes ajudes, que superaran el mili\u00f3 d&#8217;euros si s&#8217;hi sumen els 92.697 euros consignats pels ajuts de menjador concedits a alumnes de quatre escoles concertades de la comarca.<\/p>\n","protected":false},"excerpt":{"rendered":"<p>El Consell Comarcal at\u00e9n totes les sol\u00b7licituds rebudes d&#8217;ajudes de menjador per al curs actual. Un total de 1.858 alumnes de 63 escoles de la comarca tindran cobert  total o parcialment el servei de menjador.<\/p>\n","protected":false},"author":3,"featured_media":5057,"comment_status":"closed","ping_status":"closed","sticky":false,"template":"","format":"standard","meta":{"footnotes":""},"categories":[106,101,105,104,1,108],"tags":[],"class_list":["post-5056","post","type-post","status-publish","format-standard","has-post-thumbnail","hentry","category-administracions","category-ciutadania","category-empreses","category-entitats-socials","category-general","category-mitjans-comunicacio","category-106","category-101","category-105","category-104","category-1","category-108","description-off"],"_links":{"self":[{"href":"https:\/\/inclusioaltemporda.cat\/portal\/wp-json\/wp\/v2\/posts\/5056","targetHints":{"allow":["GET"]}}],"collection":[{"href":"https:\/\/inclusioaltemporda.cat\/portal\/wp-json\/wp\/v2\/posts"}],"about":[{"href":"https:\/\/inclusioaltemporda.cat\/portal\/wp-json\/wp\/v2\/types\/post"}],"author":[{"embeddable":true,"href":"https:\/\/inclusioaltemporda.cat\/portal\/wp-json\/wp\/v2\/users\/3"}],"replies":[{"embeddable":true,"href":"https:\/\/inclusioaltemporda.cat\/portal\/wp-json\/wp\/v2\/comments?post=5056"}],"version-history":[{"count":4,"href":"https:\/\/inclusioaltemporda.cat\/portal\/wp-json\/wp\/v2\/posts\/5056\/revisions"}],"predecessor-version":[{"id":5061,"href":"https:\/\/inclusioaltemporda.cat\/portal\/wp-json\/wp\/v2\/posts\/5056\/revisions\/5061"}],"wp:featuredmedia":[{"embeddable":true,"href":"https:\/\/inclusioaltemporda.cat\/portal\/wp-json\/wp\/v2\/media\/5057"}],"wp:attachment":[{"href":"https:\/\/inclusioaltemporda.cat\/portal\/wp-json\/wp\/v2\/media?parent=5056"}],"wp:term":[{"taxonomy":"category","embeddable":true,"href":"https:\/\/inclusioaltemporda.cat\/portal\/wp-json\/wp\/v2\/categories?post=5056"},{"taxonomy":"post_tag","embeddable":true,"href":"https:\/\/inclusioaltemporda.cat\/portal\/wp-json\/wp\/v2\/tags?post=5056"}],"curies":[{"name":"wp","href":"https:\/\/api.w.org\/{rel}","templated":true}]}}