{"id":5066,"date":"2015-02-17T08:39:33","date_gmt":"2015-02-17T07:39:33","guid":{"rendered":"https:\/\/inclusioaltemporda.cat\/portal\/?p=5066"},"modified":"2016-02-01T09:25:42","modified_gmt":"2016-02-01T08:25:42","slug":"mostra-de-teatre-inclusiu-a-figueres","status":"publish","type":"post","link":"https:\/\/inclusioaltemporda.cat\/portal\/mostra-de-teatre-inclusiu-a-figueres\/","title":{"rendered":"Mostra de Teatre Inclusiu a Figueres"},"content":{"rendered":"<p>L&#8217;obra <em>Remenant els boscos de nit<\/em> obrir\u00e0 la Mostra de Teatre Inclusiu de Figueres el proper dijous 19 de febrer a les 19:00 h. a la Catequista.<\/p>\n<p>Aquest cicle, que es portar\u00e0 a terme entre els mesos de febrer i abril, est\u00e0 organitzat pel Grup d&#8217;Empordanesos i Empordaneses per la Solidaritat (GESS), C\u00e0ritas Figueres i el Servei d&#8217;Acci\u00f3 C\u00edvica i Cooperaci\u00f3 de l&#8217;Ajuntament de Figueres.<\/p>\n<p>La Mostra de Teatre Inclusiu \u00e9s una proposta de la Coordinadora d&#8217;ONG&#8217;s Solid\u00e0ries que t\u00e9 com a finalitat apropar a la ciutadania mitjan\u00e7ant tres obres de teatre\u00a0 amb tem\u00e0tiques centrades en la cooperaci\u00f3 i la cohesi\u00f3 social. La mostra est\u00e0 concebuda com a teatre-f\u00f2rum el que permet, quan acaba la representaci\u00f3, que el director\/a de l&#8217;obra i els actors i actrius estableixin un debat amb el p\u00fablic assistent.<\/p>\n<p>L&#8217;obra <em>Remenant els boscos de nit<\/em> ens parla del dret de les persones a les llibertats i als drets fonamentals sense distinci\u00f3 de ra\u00e7a, color, sexe, idioma, posici\u00f3 social o econ\u00f2mica, lliure circulaci\u00f3 i resid\u00e8ncia, dret al treball en condicions dignes i dret a un nivell de vida adequat que garanteixi a la persona i a la seva fam\u00edlia l&#8217;acc\u00e9s a la salut, l&#8217;alimentaci\u00f3, l&#8217;habitatge o l&#8217;assist\u00e8ncia m\u00e8dica.<\/p>\n<p>L&#8217;entrada en aquesta obra de teatre \u00e9s gratu\u00efta i s&#8217;ha establert el sistema de pagament invers (pagament voluntari a la sortida).<\/p>\n<p>M\u00e9s informaci\u00f3 sobre aquesta <a href=\"https:\/\/teatreinclusiu.wordpress.com\/la-mostra\/\">Mostra de Teatre Inclusiu en aquest enlla\u00e7<\/a>.<\/p>\n","protected":false},"excerpt":{"rendered":"<p>L&#8217;obra Remenant els boscos de nit obrir\u00e0 la Mostra de Teatre Inclusiu de Figueres el proper dijous 19 de febrer a les 19:00 h. a la Catequista.<\/p>\n","protected":false},"author":3,"featured_media":5067,"comment_status":"closed","ping_status":"closed","sticky":false,"template":"","format":"standard","meta":{"footnotes":""},"categories":[106,101,105,104,103,1,108,102],"tags":[],"class_list":["post-5066","post","type-post","status-publish","format-standard","has-post-thumbnail","hentry","category-administracions","category-ciutadania","category-empreses","category-entitats-socials","category-estudiants-escoles-instituts","category-general","category-mitjans-comunicacio","category-professionals-ambit-social","category-106","category-101","category-105","category-104","category-103","category-1","category-108","category-102","description-off"],"_links":{"self":[{"href":"https:\/\/inclusioaltemporda.cat\/portal\/wp-json\/wp\/v2\/posts\/5066","targetHints":{"allow":["GET"]}}],"collection":[{"href":"https:\/\/inclusioaltemporda.cat\/portal\/wp-json\/wp\/v2\/posts"}],"about":[{"href":"https:\/\/inclusioaltemporda.cat\/portal\/wp-json\/wp\/v2\/types\/post"}],"author":[{"embeddable":true,"href":"https:\/\/inclusioaltemporda.cat\/portal\/wp-json\/wp\/v2\/users\/3"}],"replies":[{"embeddable":true,"href":"https:\/\/inclusioaltemporda.cat\/portal\/wp-json\/wp\/v2\/comments?post=5066"}],"version-history":[{"count":2,"href":"https:\/\/inclusioaltemporda.cat\/portal\/wp-json\/wp\/v2\/posts\/5066\/revisions"}],"predecessor-version":[{"id":5069,"href":"https:\/\/inclusioaltemporda.cat\/portal\/wp-json\/wp\/v2\/posts\/5066\/revisions\/5069"}],"wp:featuredmedia":[{"embeddable":true,"href":"https:\/\/inclusioaltemporda.cat\/portal\/wp-json\/wp\/v2\/media\/5067"}],"wp:attachment":[{"href":"https:\/\/inclusioaltemporda.cat\/portal\/wp-json\/wp\/v2\/media?parent=5066"}],"wp:term":[{"taxonomy":"category","embeddable":true,"href":"https:\/\/inclusioaltemporda.cat\/portal\/wp-json\/wp\/v2\/categories?post=5066"},{"taxonomy":"post_tag","embeddable":true,"href":"https:\/\/inclusioaltemporda.cat\/portal\/wp-json\/wp\/v2\/tags?post=5066"}],"curies":[{"name":"wp","href":"https:\/\/api.w.org\/{rel}","templated":true}]}}