{"id":5071,"date":"2015-02-19T09:14:35","date_gmt":"2015-02-19T08:14:35","guid":{"rendered":"https:\/\/inclusioaltemporda.cat\/portal\/?p=5071"},"modified":"2016-02-01T09:25:41","modified_gmt":"2016-02-01T08:25:41","slug":"informe-social-2014-sobre-desigualtats-i-exclusio-social-a-catalunya","status":"publish","type":"post","link":"https:\/\/inclusioaltemporda.cat\/portal\/informe-social-2014-sobre-desigualtats-i-exclusio-social-a-catalunya\/","title":{"rendered":"Informe social 2014 sobre desigualtats i exclusi\u00f3 social a Catalunya"},"content":{"rendered":"<p>Recentment s&#8217;ha presentat &#8220;l&#8217;Informe Social 2014. Desigualtats i Exclusi\u00f3 social a Catalunya&#8221; que t\u00e9 per objectiu aportar nous elements d&#8217;an\u00e0lisi sobre les desigualtats socials existents a Catalunya.<\/p>\n<p>L&#8217;informe, que ha estat elaborat per la Fundaci\u00f3 Rafael Campalans, \u00e9s el segon informe d&#8217;aquestes caracter\u00edstiques que presenta la instituci\u00f3. L&#8217;informe 2014 centra la seva atenci\u00f3 en l\u2019estudi de les desigualtats i l\u2019exclusi\u00f3 social a la nostra societat, amb dades actualitzades respecte l&#8217;anterior informe.<\/p>\n<p>Podeu consultar l&#8217;informe en <a href=\"http:\/\/www.fcampalans.cat\/uploads\/publicacions\/pdf\/tripainformes8vfinal.pdf\" target=\"_blank\">aquest enlla\u00e7<\/a>.<\/p>\n","protected":false},"excerpt":{"rendered":"<p>Recentment s&#8217;ha presentat aquest informe que t\u00e9 per objectiu aportar nous elements d&#8217;an\u00e0lisi sobre les desigualtats socials existents a Catalunya.<\/p>\n","protected":false},"author":2,"featured_media":2451,"comment_status":"closed","ping_status":"closed","sticky":false,"template":"","format":"standard","meta":{"footnotes":""},"categories":[107,101,104,103,1,108,13],"tags":[],"class_list":["post-5071","post","type-post","status-publish","format-standard","has-post-thumbnail","hentry","category-centres-recerca-universitats","category-ciutadania","category-entitats-socials","category-estudiants-escoles-instituts","category-general","category-mitjans-comunicacio","category-observatori-inclusio-social-alt-emporda","category-107","category-101","category-104","category-103","category-1","category-108","category-13","description-off"],"_links":{"self":[{"href":"https:\/\/inclusioaltemporda.cat\/portal\/wp-json\/wp\/v2\/posts\/5071","targetHints":{"allow":["GET"]}}],"collection":[{"href":"https:\/\/inclusioaltemporda.cat\/portal\/wp-json\/wp\/v2\/posts"}],"about":[{"href":"https:\/\/inclusioaltemporda.cat\/portal\/wp-json\/wp\/v2\/types\/post"}],"author":[{"embeddable":true,"href":"https:\/\/inclusioaltemporda.cat\/portal\/wp-json\/wp\/v2\/users\/2"}],"replies":[{"embeddable":true,"href":"https:\/\/inclusioaltemporda.cat\/portal\/wp-json\/wp\/v2\/comments?post=5071"}],"version-history":[{"count":4,"href":"https:\/\/inclusioaltemporda.cat\/portal\/wp-json\/wp\/v2\/posts\/5071\/revisions"}],"predecessor-version":[{"id":5073,"href":"https:\/\/inclusioaltemporda.cat\/portal\/wp-json\/wp\/v2\/posts\/5071\/revisions\/5073"}],"wp:featuredmedia":[{"embeddable":true,"href":"https:\/\/inclusioaltemporda.cat\/portal\/wp-json\/wp\/v2\/media\/2451"}],"wp:attachment":[{"href":"https:\/\/inclusioaltemporda.cat\/portal\/wp-json\/wp\/v2\/media?parent=5071"}],"wp:term":[{"taxonomy":"category","embeddable":true,"href":"https:\/\/inclusioaltemporda.cat\/portal\/wp-json\/wp\/v2\/categories?post=5071"},{"taxonomy":"post_tag","embeddable":true,"href":"https:\/\/inclusioaltemporda.cat\/portal\/wp-json\/wp\/v2\/tags?post=5071"}],"curies":[{"name":"wp","href":"https:\/\/api.w.org\/{rel}","templated":true}]}}