{"id":5082,"date":"2015-02-24T08:25:24","date_gmt":"2015-02-24T07:25:24","guid":{"rendered":"https:\/\/inclusioaltemporda.cat\/portal\/?p=5082"},"modified":"2016-02-01T09:25:41","modified_gmt":"2016-02-01T08:25:41","slug":"conferencia-teatralitzada-amor-en-temps-de-crisi-a-lama-de-figueres","status":"publish","type":"post","link":"https:\/\/inclusioaltemporda.cat\/portal\/conferencia-teatralitzada-amor-en-temps-de-crisi-a-lama-de-figueres\/","title":{"rendered":"Confer\u00e8ncia teatralitzada Amor en Temps de Crisi a l&#8217;AMA de Figueres"},"content":{"rendered":"<p>L&#8217;Associaci\u00f3 de Malalts d&#8217;Ajuda de Malalts d&#8217;Alzheimer i Fam\u00edlia de Figueres organitza el proper divendres 27 de febrer la confer\u00e8ncia teatralitzada Amor en temps de crisi.<\/p>\n<p>Aquest acte, que anir\u00e0 a c\u00e0rrec de l&#8217;<a href=\"http:\/\/ca.incite.es\/\">Institut de Ci\u00e8ncia i Teatre<\/a> en col\u00b7laboraci\u00f3 amb la Diputaci\u00f3 de Barcelona i la <a href=\"http:\/\/www.fafac.cat\/?language=ca\">Federaci\u00f3 d&#8217;Associacions de Familiars d&#8217;Alzheimer de Catalunya<\/a> (FAFAC), tindr\u00e0 lloc a les 15:30h. al Centre de <a href=\"http:\/\/www.amafigueres.org\/\">l&#8217;AMA a Figueres<\/a>.<\/p>\n<p>La confer\u00e8ncia explorar\u00e0 els aspectes biol\u00f2gics, antropol\u00f2gics i culturals del desig i l&#8217;atracci\u00f3 sexual, l&#8217;enamorament, l&#8217;amor rom\u00e0ntic i els canvis que experimenten les persones quan s&#8217;enamoren. Es desvetllaran les bases anat\u00f2miques i bioqu\u00edmiques de l&#8217;amor i les claus psicobiol\u00f2giques de l&#8217;elecci\u00f3 de parella.<\/p>\n<p>L&#8217;entrada \u00e9s gratu\u00efta i cal confirmar assist\u00e8ncia abans del 25 de febrer per correu electr\u00f2nic (alzheimerfigueres@hotmail.com) o per tel\u00e8fon (972 675 511).<\/p>\n","protected":false},"excerpt":{"rendered":"<p>L&#8217;Associaci\u00f3 de Malalts d&#8217;Ajuda de Malalts d&#8217;Alzheimer i Fam\u00edlia de Figueres organitza el proper divendres 27 de febrer la confer\u00e8ncia teatralitzada Amor en temps de crisi.<\/p>\n","protected":false},"author":3,"featured_media":5084,"comment_status":"closed","ping_status":"closed","sticky":false,"template":"","format":"standard","meta":{"footnotes":""},"categories":[33,101,104,103,1,108,102,11],"tags":[],"class_list":["post-5082","post","type-post","status-publish","format-standard","has-post-thumbnail","hentry","category-agenda","category-ciutadania","category-entitats-socials","category-estudiants-escoles-instituts","category-general","category-mitjans-comunicacio","category-professionals-ambit-social","category-taula-inclusio","category-33","category-101","category-104","category-103","category-1","category-108","category-102","category-11","description-off"],"_links":{"self":[{"href":"https:\/\/inclusioaltemporda.cat\/portal\/wp-json\/wp\/v2\/posts\/5082","targetHints":{"allow":["GET"]}}],"collection":[{"href":"https:\/\/inclusioaltemporda.cat\/portal\/wp-json\/wp\/v2\/posts"}],"about":[{"href":"https:\/\/inclusioaltemporda.cat\/portal\/wp-json\/wp\/v2\/types\/post"}],"author":[{"embeddable":true,"href":"https:\/\/inclusioaltemporda.cat\/portal\/wp-json\/wp\/v2\/users\/3"}],"replies":[{"embeddable":true,"href":"https:\/\/inclusioaltemporda.cat\/portal\/wp-json\/wp\/v2\/comments?post=5082"}],"version-history":[{"count":6,"href":"https:\/\/inclusioaltemporda.cat\/portal\/wp-json\/wp\/v2\/posts\/5082\/revisions"}],"predecessor-version":[{"id":5088,"href":"https:\/\/inclusioaltemporda.cat\/portal\/wp-json\/wp\/v2\/posts\/5082\/revisions\/5088"}],"wp:featuredmedia":[{"embeddable":true,"href":"https:\/\/inclusioaltemporda.cat\/portal\/wp-json\/wp\/v2\/media\/5084"}],"wp:attachment":[{"href":"https:\/\/inclusioaltemporda.cat\/portal\/wp-json\/wp\/v2\/media?parent=5082"}],"wp:term":[{"taxonomy":"category","embeddable":true,"href":"https:\/\/inclusioaltemporda.cat\/portal\/wp-json\/wp\/v2\/categories?post=5082"},{"taxonomy":"post_tag","embeddable":true,"href":"https:\/\/inclusioaltemporda.cat\/portal\/wp-json\/wp\/v2\/tags?post=5082"}],"curies":[{"name":"wp","href":"https:\/\/api.w.org\/{rel}","templated":true}]}}